{"id":8717,"date":"2025-06-14T20:00:00","date_gmt":"2025-06-14T18:00:00","guid":{"rendered":"https:\/\/www.ciclesfp.cat\/?p=8717"},"modified":"2025-06-13T16:28:56","modified_gmt":"2025-06-13T14:28:56","slug":"apliquem-design-thinking-al-nostre-projecte-intermodular","status":"publish","type":"post","link":"https:\/\/www.ciclesfp.cat\/ca\/2025\/06\/14\/apliquem-design-thinking-al-nostre-projecte-intermodular\/","title":{"rendered":"Apliquem Design Thinking al nostre projecte intermodular"},"content":{"rendered":"\n<p>Qu\u00e8 important \u00e9s la utilitzaci\u00f3 de noves metodologies en projectes emprenedors!<\/p>\n\n\n\n<p><\/p>\n\n\n\n<p>Durant aquest curs, el nostre alumnat ha pogut gaudir de diferents formacions en Design Thinking per desenvolupar els seus projectes de final de cicle.<\/p>\n\n\n\n<p><\/p>\n\n\n\n<p>Aix\u00ed, dins el marc del Projecte Intermodular, on el treball en equip, la innovaci\u00f3 i la iniciativa personal s\u00f3n clau, el nostre alumnat ha rebut formaci\u00f3 a c\u00e0rrec de Muutos per aplicar les diferents eines i estrat\u00e8gies que el Design Thinking ens permet!\ud83d\udd0d\u2728<\/p>\n\n\n\n<p><\/p>\n\n\n\n<figure class=\"wp-block-gallery has-nested-images columns-default is-cropped wp-block-gallery-1 is-layout-flex wp-block-gallery-is-layout-flex\">\n<figure class=\"wp-block-image size-large\"><img fetchpriority=\"high\" decoding=\"async\" width=\"720\" height=\"538\" data-id=\"8720\" src=\"https:\/\/www.ciclesfp.cat\/wp-content\/uploads\/2025\/06\/IMATGE2-JORGE-RAMOS-PELAEZ.png\" alt=\"\" class=\"wp-image-8720\" srcset=\"https:\/\/www.ciclesfp.cat\/wp-content\/uploads\/2025\/06\/IMATGE2-JORGE-RAMOS-PELAEZ.png 720w, https:\/\/www.ciclesfp.cat\/wp-content\/uploads\/2025\/06\/IMATGE2-JORGE-RAMOS-PELAEZ-300x224.png 300w, https:\/\/www.ciclesfp.cat\/wp-content\/uploads\/2025\/06\/IMATGE2-JORGE-RAMOS-PELAEZ-700x523.png 700w\" sizes=\"(max-width: 720px) 100vw, 720px\" \/><\/figure>\n\n\n\n<figure class=\"wp-block-image size-large\"><img decoding=\"async\" width=\"749\" height=\"563\" data-id=\"8718\" src=\"https:\/\/www.ciclesfp.cat\/wp-content\/uploads\/2025\/06\/Screenshot_1-JORGE-RAMOS-PELAEZ.png\" alt=\"\" class=\"wp-image-8718\" srcset=\"https:\/\/www.ciclesfp.cat\/wp-content\/uploads\/2025\/06\/Screenshot_1-JORGE-RAMOS-PELAEZ.png 749w, https:\/\/www.ciclesfp.cat\/wp-content\/uploads\/2025\/06\/Screenshot_1-JORGE-RAMOS-PELAEZ-300x226.png 300w, https:\/\/www.ciclesfp.cat\/wp-content\/uploads\/2025\/06\/Screenshot_1-JORGE-RAMOS-PELAEZ-700x526.png 700w\" sizes=\"(max-width: 749px) 100vw, 749px\" \/><\/figure>\n\n\n\n<figure class=\"wp-block-image size-large\"><img decoding=\"async\" width=\"754\" height=\"563\" data-id=\"8722\" src=\"https:\/\/www.ciclesfp.cat\/wp-content\/uploads\/2025\/06\/IMATGE1-JORGE-RAMOS-PELAEZ.png\" alt=\"\" class=\"wp-image-8722\" srcset=\"https:\/\/www.ciclesfp.cat\/wp-content\/uploads\/2025\/06\/IMATGE1-JORGE-RAMOS-PELAEZ.png 754w, https:\/\/www.ciclesfp.cat\/wp-content\/uploads\/2025\/06\/IMATGE1-JORGE-RAMOS-PELAEZ-300x224.png 300w, https:\/\/www.ciclesfp.cat\/wp-content\/uploads\/2025\/06\/IMATGE1-JORGE-RAMOS-PELAEZ-700x523.png 700w\" sizes=\"(max-width: 754px) 100vw, 754px\" \/><\/figure>\n<\/figure>\n","protected":false},"excerpt":{"rendered":"<p>Qu\u00e8 important \u00e9s la utilitzaci\u00f3 de noves metodologies en projectes emprenedors! Durant aquest curs, el nostre alumnat ha pogut gaudir de diferents formacions en Design Thinking per desenvolupar els seus projectes de final de cicle. Aix\u00ed, dins el marc del Projecte Intermodular, on el treball en equip, la innovaci\u00f3 i la iniciativa personal s\u00f3n clau, el nostre alumnat ha rebut&#8230;<\/p>\n","protected":false},"author":1,"featured_media":8722,"comment_status":"open","ping_status":"open","sticky":false,"template":"","format":"standard","meta":{"footnotes":""},"categories":[9],"tags":[],"yoast_head":"<!-- This site is optimized with the Yoast SEO plugin v23.0 - https:\/\/yoast.com\/wordpress\/plugins\/seo\/ -->\n<title>Apliquem Design Thinking al nostre projecte intermodular - Institut Jaume Mim\u00f3 FP<\/title>\n<meta name=\"robots\" content=\"index, follow, max-snippet:-1, max-image-preview:large, max-video-preview:-1\" \/>\n<link rel=\"canonical\" href=\"https:\/\/www.ciclesfp.cat\/ca\/2025\/06\/14\/apliquem-design-thinking-al-nostre-projecte-intermodular\/\" \/>\n<meta property=\"og:locale\" content=\"ca_ES\" \/>\n<meta property=\"og:type\" content=\"article\" \/>\n<meta property=\"og:title\" content=\"Apliquem Design Thinking al nostre projecte intermodular - Institut Jaume Mim\u00f3 FP\" \/>\n<meta property=\"og:description\" content=\"Qu\u00e8 important \u00e9s la utilitzaci\u00f3 de noves metodologies en projectes emprenedors! Durant aquest curs, el nostre alumnat ha pogut gaudir de diferents formacions en Design Thinking per desenvolupar els seus projectes de final de cicle. Aix\u00ed, dins el marc del Projecte Intermodular, on el treball en equip, la innovaci\u00f3 i la iniciativa personal s\u00f3n clau, el nostre alumnat ha rebut...\" \/>\n<meta property=\"og:url\" content=\"https:\/\/www.ciclesfp.cat\/ca\/2025\/06\/14\/apliquem-design-thinking-al-nostre-projecte-intermodular\/\" \/>\n<meta property=\"og:site_name\" content=\"Institut Jaume Mim\u00f3 FP\" \/>\n<meta property=\"article:published_time\" content=\"2025-06-14T18:00:00+00:00\" \/>\n<meta property=\"article:modified_time\" content=\"2025-06-13T14:28:56+00:00\" \/>\n<meta property=\"og:image\" content=\"https:\/\/www.ciclesfp.cat\/wp-content\/uploads\/2025\/06\/IMATGE1-JORGE-RAMOS-PELAEZ.png\" \/>\n\t<meta property=\"og:image:width\" content=\"754\" \/>\n\t<meta property=\"og:image:height\" content=\"563\" \/>\n\t<meta property=\"og:image:type\" content=\"image\/png\" \/>\n<meta name=\"author\" content=\"insjaumemimo\" \/>\n<meta name=\"twitter:card\" content=\"summary_large_image\" \/>\n<meta name=\"twitter:creator\" content=\"@insjaumemimo\" \/>\n<meta name=\"twitter:site\" content=\"@insjaumemimo\" \/>\n<meta name=\"twitter:label1\" content=\"Escrit per\" \/>\n\t<meta name=\"twitter:data1\" content=\"insjaumemimo\" \/>\n\t<meta name=\"twitter:label2\" content=\"Temps estimat de lectura\" \/>\n\t<meta name=\"twitter:data2\" content=\"2 minuts\" \/>\n<script type=\"application\/ld+json\" class=\"yoast-schema-graph\">{\"@context\":\"https:\/\/schema.org\",\"@graph\":[{\"@type\":\"Article\",\"@id\":\"https:\/\/www.ciclesfp.cat\/ca\/2025\/06\/14\/apliquem-design-thinking-al-nostre-projecte-intermodular\/#article\",\"isPartOf\":{\"@id\":\"https:\/\/www.ciclesfp.cat\/ca\/2025\/06\/14\/apliquem-design-thinking-al-nostre-projecte-intermodular\/\"},\"author\":{\"name\":\"insjaumemimo\",\"@id\":\"https:\/\/www.ciclesfp.cat\/ca\/#\/schema\/person\/038def007bc8dd159b347c0d9c63c056\"},\"headline\":\"Apliquem Design Thinking al nostre projecte intermodular\",\"datePublished\":\"2025-06-14T18:00:00+00:00\",\"dateModified\":\"2025-06-13T14:28:56+00:00\",\"mainEntityOfPage\":{\"@id\":\"https:\/\/www.ciclesfp.cat\/ca\/2025\/06\/14\/apliquem-design-thinking-al-nostre-projecte-intermodular\/\"},\"wordCount\":88,\"commentCount\":0,\"publisher\":{\"@id\":\"https:\/\/www.ciclesfp.cat\/ca\/#organization\"},\"image\":{\"@id\":\"https:\/\/www.ciclesfp.cat\/ca\/2025\/06\/14\/apliquem-design-thinking-al-nostre-projecte-intermodular\/#primaryimage\"},\"thumbnailUrl\":\"https:\/\/www.ciclesfp.cat\/wp-content\/uploads\/2025\/06\/IMATGE1-JORGE-RAMOS-PELAEZ.png\",\"articleSection\":[\"CFGS\"],\"inLanguage\":\"ca\",\"potentialAction\":[{\"@type\":\"CommentAction\",\"name\":\"Comment\",\"target\":[\"https:\/\/www.ciclesfp.cat\/ca\/2025\/06\/14\/apliquem-design-thinking-al-nostre-projecte-intermodular\/#respond\"]}]},{\"@type\":\"WebPage\",\"@id\":\"https:\/\/www.ciclesfp.cat\/ca\/2025\/06\/14\/apliquem-design-thinking-al-nostre-projecte-intermodular\/\",\"url\":\"https:\/\/www.ciclesfp.cat\/ca\/2025\/06\/14\/apliquem-design-thinking-al-nostre-projecte-intermodular\/\",\"name\":\"Apliquem Design Thinking al nostre projecte intermodular - Institut Jaume Mim\u00f3 FP\",\"isPartOf\":{\"@id\":\"https:\/\/www.ciclesfp.cat\/ca\/#website\"},\"primaryImageOfPage\":{\"@id\":\"https:\/\/www.ciclesfp.cat\/ca\/2025\/06\/14\/apliquem-design-thinking-al-nostre-projecte-intermodular\/#primaryimage\"},\"image\":{\"@id\":\"https:\/\/www.ciclesfp.cat\/ca\/2025\/06\/14\/apliquem-design-thinking-al-nostre-projecte-intermodular\/#primaryimage\"},\"thumbnailUrl\":\"https:\/\/www.ciclesfp.cat\/wp-content\/uploads\/2025\/06\/IMATGE1-JORGE-RAMOS-PELAEZ.png\",\"datePublished\":\"2025-06-14T18:00:00+00:00\",\"dateModified\":\"2025-06-13T14:28:56+00:00\",\"breadcrumb\":{\"@id\":\"https:\/\/www.ciclesfp.cat\/ca\/2025\/06\/14\/apliquem-design-thinking-al-nostre-projecte-intermodular\/#breadcrumb\"},\"inLanguage\":\"ca\",\"potentialAction\":[{\"@type\":\"ReadAction\",\"target\":[\"https:\/\/www.ciclesfp.cat\/ca\/2025\/06\/14\/apliquem-design-thinking-al-nostre-projecte-intermodular\/\"]}]},{\"@type\":\"ImageObject\",\"inLanguage\":\"ca\",\"@id\":\"https:\/\/www.ciclesfp.cat\/ca\/2025\/06\/14\/apliquem-design-thinking-al-nostre-projecte-intermodular\/#primaryimage\",\"url\":\"https:\/\/www.ciclesfp.cat\/wp-content\/uploads\/2025\/06\/IMATGE1-JORGE-RAMOS-PELAEZ.png\",\"contentUrl\":\"https:\/\/www.ciclesfp.cat\/wp-content\/uploads\/2025\/06\/IMATGE1-JORGE-RAMOS-PELAEZ.png\",\"width\":754,\"height\":563},{\"@type\":\"BreadcrumbList\",\"@id\":\"https:\/\/www.ciclesfp.cat\/ca\/2025\/06\/14\/apliquem-design-thinking-al-nostre-projecte-intermodular\/#breadcrumb\",\"itemListElement\":[{\"@type\":\"ListItem\",\"position\":1,\"name\":\"Inici\",\"item\":\"https:\/\/www.ciclesfp.cat\/ca\/\"},{\"@type\":\"ListItem\",\"position\":2,\"name\":\"Apliquem Design Thinking al nostre projecte intermodular\"}]},{\"@type\":\"WebSite\",\"@id\":\"https:\/\/www.ciclesfp.cat\/ca\/#website\",\"url\":\"https:\/\/www.ciclesfp.cat\/ca\/\",\"name\":\"Institut Jaume Mim\u00f3 FP\",\"description\":\"Pensa. Actua. Transforma.\",\"publisher\":{\"@id\":\"https:\/\/www.ciclesfp.cat\/ca\/#organization\"},\"potentialAction\":[{\"@type\":\"SearchAction\",\"target\":{\"@type\":\"EntryPoint\",\"urlTemplate\":\"https:\/\/www.ciclesfp.cat\/ca\/?s={search_term_string}\"},\"query-input\":\"required name=search_term_string\"}],\"inLanguage\":\"ca\"},{\"@type\":\"Organization\",\"@id\":\"https:\/\/www.ciclesfp.cat\/ca\/#organization\",\"name\":\"INS Jaume Mim\u00f3\",\"url\":\"https:\/\/www.ciclesfp.cat\/ca\/\",\"logo\":{\"@type\":\"ImageObject\",\"inLanguage\":\"ca\",\"@id\":\"https:\/\/www.ciclesfp.cat\/ca\/#\/schema\/logo\/image\/\",\"url\":\"https:\/\/www.ciclesfp.cat\/wp-content\/uploads\/2019\/12\/logotip_del_centre-623x1024.png\",\"contentUrl\":\"https:\/\/www.ciclesfp.cat\/wp-content\/uploads\/2019\/12\/logotip_del_centre-623x1024.png\",\"width\":623,\"height\":1024,\"caption\":\"INS Jaume Mim\u00f3\"},\"image\":{\"@id\":\"https:\/\/www.ciclesfp.cat\/ca\/#\/schema\/logo\/image\/\"},\"sameAs\":[\"https:\/\/x.com\/insjaumemimo\",\"https:\/\/www.instagram.com\/insjaumemimo\/\",\"https:\/\/www.youtube.com\/channel\/UCOAhr11cd5pTqhuKCUnPrCQ\/feed?view_as=public\"]},{\"@type\":\"Person\",\"@id\":\"https:\/\/www.ciclesfp.cat\/ca\/#\/schema\/person\/038def007bc8dd159b347c0d9c63c056\",\"name\":\"insjaumemimo\",\"image\":{\"@type\":\"ImageObject\",\"inLanguage\":\"ca\",\"@id\":\"https:\/\/www.ciclesfp.cat\/ca\/#\/schema\/person\/image\/\",\"url\":\"https:\/\/secure.gravatar.com\/avatar\/939867989d26d9a9b03527ef6d5505db?s=96&d=mm&r=g\",\"contentUrl\":\"https:\/\/secure.gravatar.com\/avatar\/939867989d26d9a9b03527ef6d5505db?s=96&d=mm&r=g\",\"caption\":\"insjaumemimo\"},\"url\":\"https:\/\/www.ciclesfp.cat\/ca\/author\/insjaumemimo\/\"}]}<\/script>\n<!-- \/ Yoast SEO plugin. -->","yoast_head_json":{"title":"Apliquem Design Thinking al nostre projecte intermodular - Institut Jaume Mim\u00f3 FP","robots":{"index":"index","follow":"follow","max-snippet":"max-snippet:-1","max-image-preview":"max-image-preview:large","max-video-preview":"max-video-preview:-1"},"canonical":"https:\/\/www.ciclesfp.cat\/ca\/2025\/06\/14\/apliquem-design-thinking-al-nostre-projecte-intermodular\/","og_locale":"ca_ES","og_type":"article","og_title":"Apliquem Design Thinking al nostre projecte intermodular - Institut Jaume Mim\u00f3 FP","og_description":"Qu\u00e8 important \u00e9s la utilitzaci\u00f3 de noves metodologies en projectes emprenedors! Durant aquest curs, el nostre alumnat ha pogut gaudir de diferents formacions en Design Thinking per desenvolupar els seus projectes de final de cicle. Aix\u00ed, dins el marc del Projecte Intermodular, on el treball en equip, la innovaci\u00f3 i la iniciativa personal s\u00f3n clau, el nostre alumnat ha rebut...","og_url":"https:\/\/www.ciclesfp.cat\/ca\/2025\/06\/14\/apliquem-design-thinking-al-nostre-projecte-intermodular\/","og_site_name":"Institut Jaume Mim\u00f3 FP","article_published_time":"2025-06-14T18:00:00+00:00","article_modified_time":"2025-06-13T14:28:56+00:00","og_image":[{"width":754,"height":563,"url":"https:\/\/www.ciclesfp.cat\/wp-content\/uploads\/2025\/06\/IMATGE1-JORGE-RAMOS-PELAEZ.png","type":"image\/png"}],"author":"insjaumemimo","twitter_card":"summary_large_image","twitter_creator":"@insjaumemimo","twitter_site":"@insjaumemimo","twitter_misc":{"Escrit per":"insjaumemimo","Temps estimat de lectura":"2 minuts"},"schema":{"@context":"https:\/\/schema.org","@graph":[{"@type":"Article","@id":"https:\/\/www.ciclesfp.cat\/ca\/2025\/06\/14\/apliquem-design-thinking-al-nostre-projecte-intermodular\/#article","isPartOf":{"@id":"https:\/\/www.ciclesfp.cat\/ca\/2025\/06\/14\/apliquem-design-thinking-al-nostre-projecte-intermodular\/"},"author":{"name":"insjaumemimo","@id":"https:\/\/www.ciclesfp.cat\/ca\/#\/schema\/person\/038def007bc8dd159b347c0d9c63c056"},"headline":"Apliquem Design Thinking al nostre projecte intermodular","datePublished":"2025-06-14T18:00:00+00:00","dateModified":"2025-06-13T14:28:56+00:00","mainEntityOfPage":{"@id":"https:\/\/www.ciclesfp.cat\/ca\/2025\/06\/14\/apliquem-design-thinking-al-nostre-projecte-intermodular\/"},"wordCount":88,"commentCount":0,"publisher":{"@id":"https:\/\/www.ciclesfp.cat\/ca\/#organization"},"image":{"@id":"https:\/\/www.ciclesfp.cat\/ca\/2025\/06\/14\/apliquem-design-thinking-al-nostre-projecte-intermodular\/#primaryimage"},"thumbnailUrl":"https:\/\/www.ciclesfp.cat\/wp-content\/uploads\/2025\/06\/IMATGE1-JORGE-RAMOS-PELAEZ.png","articleSection":["CFGS"],"inLanguage":"ca","potentialAction":[{"@type":"CommentAction","name":"Comment","target":["https:\/\/www.ciclesfp.cat\/ca\/2025\/06\/14\/apliquem-design-thinking-al-nostre-projecte-intermodular\/#respond"]}]},{"@type":"WebPage","@id":"https:\/\/www.ciclesfp.cat\/ca\/2025\/06\/14\/apliquem-design-thinking-al-nostre-projecte-intermodular\/","url":"https:\/\/www.ciclesfp.cat\/ca\/2025\/06\/14\/apliquem-design-thinking-al-nostre-projecte-intermodular\/","name":"Apliquem Design Thinking al nostre projecte intermodular - Institut Jaume Mim\u00f3 FP","isPartOf":{"@id":"https:\/\/www.ciclesfp.cat\/ca\/#website"},"primaryImageOfPage":{"@id":"https:\/\/www.ciclesfp.cat\/ca\/2025\/06\/14\/apliquem-design-thinking-al-nostre-projecte-intermodular\/#primaryimage"},"image":{"@id":"https:\/\/www.ciclesfp.cat\/ca\/2025\/06\/14\/apliquem-design-thinking-al-nostre-projecte-intermodular\/#primaryimage"},"thumbnailUrl":"https:\/\/www.ciclesfp.cat\/wp-content\/uploads\/2025\/06\/IMATGE1-JORGE-RAMOS-PELAEZ.png","datePublished":"2025-06-14T18:00:00+00:00","dateModified":"2025-06-13T14:28:56+00:00","breadcrumb":{"@id":"https:\/\/www.ciclesfp.cat\/ca\/2025\/06\/14\/apliquem-design-thinking-al-nostre-projecte-intermodular\/#breadcrumb"},"inLanguage":"ca","potentialAction":[{"@type":"ReadAction","target":["https:\/\/www.ciclesfp.cat\/ca\/2025\/06\/14\/apliquem-design-thinking-al-nostre-projecte-intermodular\/"]}]},{"@type":"ImageObject","inLanguage":"ca","@id":"https:\/\/www.ciclesfp.cat\/ca\/2025\/06\/14\/apliquem-design-thinking-al-nostre-projecte-intermodular\/#primaryimage","url":"https:\/\/www.ciclesfp.cat\/wp-content\/uploads\/2025\/06\/IMATGE1-JORGE-RAMOS-PELAEZ.png","contentUrl":"https:\/\/www.ciclesfp.cat\/wp-content\/uploads\/2025\/06\/IMATGE1-JORGE-RAMOS-PELAEZ.png","width":754,"height":563},{"@type":"BreadcrumbList","@id":"https:\/\/www.ciclesfp.cat\/ca\/2025\/06\/14\/apliquem-design-thinking-al-nostre-projecte-intermodular\/#breadcrumb","itemListElement":[{"@type":"ListItem","position":1,"name":"Inici","item":"https:\/\/www.ciclesfp.cat\/ca\/"},{"@type":"ListItem","position":2,"name":"Apliquem Design Thinking al nostre projecte intermodular"}]},{"@type":"WebSite","@id":"https:\/\/www.ciclesfp.cat\/ca\/#website","url":"https:\/\/www.ciclesfp.cat\/ca\/","name":"Institut Jaume Mim\u00f3 FP","description":"Pensa. Actua. Transforma.","publisher":{"@id":"https:\/\/www.ciclesfp.cat\/ca\/#organization"},"potentialAction":[{"@type":"SearchAction","target":{"@type":"EntryPoint","urlTemplate":"https:\/\/www.ciclesfp.cat\/ca\/?s={search_term_string}"},"query-input":"required name=search_term_string"}],"inLanguage":"ca"},{"@type":"Organization","@id":"https:\/\/www.ciclesfp.cat\/ca\/#organization","name":"INS Jaume Mim\u00f3","url":"https:\/\/www.ciclesfp.cat\/ca\/","logo":{"@type":"ImageObject","inLanguage":"ca","@id":"https:\/\/www.ciclesfp.cat\/ca\/#\/schema\/logo\/image\/","url":"https:\/\/www.ciclesfp.cat\/wp-content\/uploads\/2019\/12\/logotip_del_centre-623x1024.png","contentUrl":"https:\/\/www.ciclesfp.cat\/wp-content\/uploads\/2019\/12\/logotip_del_centre-623x1024.png","width":623,"height":1024,"caption":"INS Jaume Mim\u00f3"},"image":{"@id":"https:\/\/www.ciclesfp.cat\/ca\/#\/schema\/logo\/image\/"},"sameAs":["https:\/\/x.com\/insjaumemimo","https:\/\/www.instagram.com\/insjaumemimo\/","https:\/\/www.youtube.com\/channel\/UCOAhr11cd5pTqhuKCUnPrCQ\/feed?view_as=public"]},{"@type":"Person","@id":"https:\/\/www.ciclesfp.cat\/ca\/#\/schema\/person\/038def007bc8dd159b347c0d9c63c056","name":"insjaumemimo","image":{"@type":"ImageObject","inLanguage":"ca","@id":"https:\/\/www.ciclesfp.cat\/ca\/#\/schema\/person\/image\/","url":"https:\/\/secure.gravatar.com\/avatar\/939867989d26d9a9b03527ef6d5505db?s=96&d=mm&r=g","contentUrl":"https:\/\/secure.gravatar.com\/avatar\/939867989d26d9a9b03527ef6d5505db?s=96&d=mm&r=g","caption":"insjaumemimo"},"url":"https:\/\/www.ciclesfp.cat\/ca\/author\/insjaumemimo\/"}]}},"_links":{"self":[{"href":"https:\/\/www.ciclesfp.cat\/ca\/wp-json\/wp\/v2\/posts\/8717"}],"collection":[{"href":"https:\/\/www.ciclesfp.cat\/ca\/wp-json\/wp\/v2\/posts"}],"about":[{"href":"https:\/\/www.ciclesfp.cat\/ca\/wp-json\/wp\/v2\/types\/post"}],"author":[{"embeddable":true,"href":"https:\/\/www.ciclesfp.cat\/ca\/wp-json\/wp\/v2\/users\/1"}],"replies":[{"embeddable":true,"href":"https:\/\/www.ciclesfp.cat\/ca\/wp-json\/wp\/v2\/comments?post=8717"}],"version-history":[{"count":1,"href":"https:\/\/www.ciclesfp.cat\/ca\/wp-json\/wp\/v2\/posts\/8717\/revisions"}],"predecessor-version":[{"id":8724,"href":"https:\/\/www.ciclesfp.cat\/ca\/wp-json\/wp\/v2\/posts\/8717\/revisions\/8724"}],"wp:featuredmedia":[{"embeddable":true,"href":"https:\/\/www.ciclesfp.cat\/ca\/wp-json\/wp\/v2\/media\/8722"}],"wp:attachment":[{"href":"https:\/\/www.ciclesfp.cat\/ca\/wp-json\/wp\/v2\/media?parent=8717"}],"wp:term":[{"taxonomy":"category","embeddable":true,"href":"https:\/\/www.ciclesfp.cat\/ca\/wp-json\/wp\/v2\/categories?post=8717"},{"taxonomy":"post_tag","embeddable":true,"href":"https:\/\/www.ciclesfp.cat\/ca\/wp-json\/wp\/v2\/tags?post=8717"}],"curies":[{"name":"wp","href":"https:\/\/api.w.org\/{rel}","templated":true}]}}