{"id":8705,"date":"2025-06-13T20:00:00","date_gmt":"2025-06-13T18:00:00","guid":{"rendered":"https:\/\/www.ciclesfp.cat\/?p=8705"},"modified":"2025-06-12T18:09:24","modified_gmt":"2025-06-12T16:09:24","slug":"una-mirada-a-la-realitat-dels-sense-sostre-amb-la-fundacio-arrels","status":"publish","type":"post","link":"https:\/\/www.ciclesfp.cat\/ca\/2025\/06\/13\/una-mirada-a-la-realitat-dels-sense-sostre-amb-la-fundacio-arrels\/","title":{"rendered":"Una mirada a la realitat dels sense sostre amb la Fundaci\u00f3 Arrels"},"content":{"rendered":"\n<p>L\u2019alumnat de l\u2019Institut Jaume Mim\u00f3 de CFGM de segon d\u2019activitats comercials, va participar en una sortida molt especial per con\u00e8ixer de primera m\u00e0 la realitat de les persones sense llar. Aquesta excursi\u00f3 es va fer durant el 27 de mar\u00e7, i s\u2019emmarca dins de les activitats de la cooperativa de l\u2019Institut Jaume Mim\u00f3.<br>Aquesta excursi\u00f3 forma part del projecte de cooperativa del centre, i va tenir com a objectiu sensibilitzar, donar suport a iniciatives socials i contribuir activament a la reinserci\u00f3 de col\u00b7lectius vulnerables. A m\u00e9s, els beneficis obtinguts al llarg del projecte es destinaran a Arrels Fundaci\u00f3, entitat amb la qual hem col\u00b7laborat directament durant la sortida.<\/p>\n\n\n\n<p><\/p>\n\n\n\n<p>Aquesta activitat va estar organitzada pel nostre institut, amb el suport de la Fundaci\u00f3 d\u2019Arrels, una entitat referent en el treball amb persones sense llar a Barcelona. Durant la ruta, vam tenir l\u2019oportunitat de con\u00e8ixer i escoltar els testimonis d\u2019en Jaume, en Rafa i en Joaqu\u00edn.<\/p>\n\n\n\n<p><br>Jaume va viure 30 anys al carrer, i actualment viu en un pis d\u2019acollida gr\u00e0cies al suport rebut.<\/p>\n\n\n\n<p>Rafa va n\u00e9ixer i cr\u00e9ixer al carrer. Actualment, col\u00b7labora amb el projecte Pis 0, un espai gestionat per Arrels que no t\u00e9 requisits d&#8217;acc\u00e9s i que ajuda a reconnectar amb la societat a persones sense sostre.<\/p>\n\n\n\n<p>Joaquin es voluntari de la fundaci\u00f3 d\u2019arrels.<\/p>\n\n\n\n<p><\/p>\n\n\n\n<p>La ruta va comen\u00e7ar al barri del Raval, a l\u2019est\u00e0tua del gat de Botero. Des d\u2019all\u00e0, vam seguir un itinerari per diversos punts de la ciutat on hi ha retrats pintats de persones sense llar, creats als mateixos espais on aquestes solien dormir. A cada parada, vam con\u00e8ixer les seves hist\u00f2ries, escoltar-les i reflexionar sobre els reptes socials, emocionals i humans que van viure.<br>Tamb\u00e9 vam visitar el centre d\u2019Arrels a Barcelona, un espai on les persones sense llar poden trobar acollida, suport i oportunitats d\u2019integraci\u00f3. Dins el centre, vam descobrir dos espais molt importants:<br>Una botiga solid\u00e0ria on es venen productes artesanals fets per ells mateixos, donant-los la possibilitat de generar ingressos i recuperar l\u2019autoestima a trav\u00e9s de la creativitat.<\/p>\n\n\n\n<p>Un taller obert on aquestes persones poden treballar, desenvolupar habilitats, socialitzar i celebrar moments plegats. Aquest entorn segur ajuda a combatre la soledat i refor\u00e7a vincles que sovint s\u2019han trencat despr\u00e9s d\u2019anys de vida al carrer.<\/p>\n\n\n\n<p>A m\u00e9s, hem apr\u00e8s com podem ajudar realment una persona sense llar:<br>No acostar-nos de cop, ja que poden sentir-se amena\u00e7ades.<\/p>\n\n\n\n<p>Evitar preguntes com \u201ccom est\u00e0s?\u201d, ja que sovint no tenen una resposta f\u00e0cil.<\/p>\n\n\n\n<p>\u00c9s millor oferir companyia amb naturalitat, per exemple dient: \u201cEt ve de gust parlar una estona? T\u2019invito a un caf\u00e8.\u201d<\/p>\n\n\n\n<p>Ens van remarcar que la soledat pot afectar greument la salut mental, i que moltes persones acaben parlant soles perqu\u00e8 no tenen ning\u00fa amb qui compartir res. Per aix\u00f2, escoltar i conversar ja \u00e9s una gran ajuda.<\/p>\n\n\n\n<p><\/p>\n\n\n\n<p>La missi\u00f3 principal d\u2019aquesta activitat va ser conscienciar-se sobre la realitat de les persones sense llar, donar visibilitat a la seva situaci\u00f3 i entendre millor les seves necessitats. A trav\u00e9s d\u2019aquest contacte directe, l\u2019alumnat va poder viure una experi\u00e8ncia transformadora, plena d\u2019aprenentatges i reflexions que ens acosten a una societat m\u00e9s emp\u00e0tica, justa i solid\u00e0ria.<\/p>\n\n\n\n<p><br>Aquesta excursi\u00f3 va ser molt m\u00e9s que una sortida: ha estat una lli\u00e7\u00f3 de vida. Ens va mostrar que qualsevol persona pot aportar alguna cosa valuosa, i que la dignitat i el respecte comencen amb la mirada i l\u2019escolta. Iniciatives com aquesta s\u00f3n essencials per trencar prejudicis, trencar silencis i obrir camins d\u2019esperan\u00e7a.<\/p>\n\n\n\n<figure class=\"wp-block-gallery has-nested-images columns-default is-cropped wp-block-gallery-1 is-layout-flex wp-block-gallery-is-layout-flex\">\n<figure class=\"wp-block-image size-large\"><img fetchpriority=\"high\" decoding=\"async\" width=\"768\" height=\"1024\" data-id=\"8710\" src=\"https:\/\/www.ciclesfp.cat\/wp-content\/uploads\/2025\/06\/IMG_4196-1-768x1024.jpg\" alt=\"\" class=\"wp-image-8710\" srcset=\"https:\/\/www.ciclesfp.cat\/wp-content\/uploads\/2025\/06\/IMG_4196-1-768x1024.jpg 768w, https:\/\/www.ciclesfp.cat\/wp-content\/uploads\/2025\/06\/IMG_4196-1-225x300.jpg 225w, https:\/\/www.ciclesfp.cat\/wp-content\/uploads\/2025\/06\/IMG_4196-1-1152x1536.jpg 1152w, https:\/\/www.ciclesfp.cat\/wp-content\/uploads\/2025\/06\/IMG_4196-1-1536x2048.jpg 1536w, https:\/\/www.ciclesfp.cat\/wp-content\/uploads\/2025\/06\/IMG_4196-1-600x800.jpg 600w, https:\/\/www.ciclesfp.cat\/wp-content\/uploads\/2025\/06\/IMG_4196-1-700x933.jpg 700w, https:\/\/www.ciclesfp.cat\/wp-content\/uploads\/2025\/06\/IMG_4196-1-scaled.jpg 1920w\" sizes=\"(max-width: 768px) 100vw, 768px\" \/><\/figure>\n\n\n\n<figure class=\"wp-block-image size-large\"><img decoding=\"async\" width=\"768\" height=\"1024\" data-id=\"8708\" src=\"https:\/\/www.ciclesfp.cat\/wp-content\/uploads\/2025\/06\/IMG_4200-768x1024.jpg\" alt=\"\" class=\"wp-image-8708\" srcset=\"https:\/\/www.ciclesfp.cat\/wp-content\/uploads\/2025\/06\/IMG_4200-768x1024.jpg 768w, https:\/\/www.ciclesfp.cat\/wp-content\/uploads\/2025\/06\/IMG_4200-225x300.jpg 225w, https:\/\/www.ciclesfp.cat\/wp-content\/uploads\/2025\/06\/IMG_4200-1152x1536.jpg 1152w, https:\/\/www.ciclesfp.cat\/wp-content\/uploads\/2025\/06\/IMG_4200-1536x2048.jpg 1536w, https:\/\/www.ciclesfp.cat\/wp-content\/uploads\/2025\/06\/IMG_4200-600x800.jpg 600w, https:\/\/www.ciclesfp.cat\/wp-content\/uploads\/2025\/06\/IMG_4200-700x933.jpg 700w, https:\/\/www.ciclesfp.cat\/wp-content\/uploads\/2025\/06\/IMG_4200-scaled.jpg 1920w\" sizes=\"(max-width: 768px) 100vw, 768px\" \/><\/figure>\n\n\n\n<figure class=\"wp-block-image size-large\"><img decoding=\"async\" width=\"768\" height=\"1024\" data-id=\"8714\" src=\"https:\/\/www.ciclesfp.cat\/wp-content\/uploads\/2025\/06\/IMG_4208-768x1024.jpg\" alt=\"\" class=\"wp-image-8714\" srcset=\"https:\/\/www.ciclesfp.cat\/wp-content\/uploads\/2025\/06\/IMG_4208-768x1024.jpg 768w, https:\/\/www.ciclesfp.cat\/wp-content\/uploads\/2025\/06\/IMG_4208-225x300.jpg 225w, https:\/\/www.ciclesfp.cat\/wp-content\/uploads\/2025\/06\/IMG_4208-1152x1536.jpg 1152w, https:\/\/www.ciclesfp.cat\/wp-content\/uploads\/2025\/06\/IMG_4208-1536x2048.jpg 1536w, https:\/\/www.ciclesfp.cat\/wp-content\/uploads\/2025\/06\/IMG_4208-600x800.jpg 600w, https:\/\/www.ciclesfp.cat\/wp-content\/uploads\/2025\/06\/IMG_4208-700x933.jpg 700w, https:\/\/www.ciclesfp.cat\/wp-content\/uploads\/2025\/06\/IMG_4208-scaled.jpg 1920w\" sizes=\"(max-width: 768px) 100vw, 768px\" \/><\/figure>\n\n\n\n<figure class=\"wp-block-image size-large\"><img loading=\"lazy\" decoding=\"async\" width=\"768\" height=\"1024\" data-id=\"8712\" src=\"https:\/\/www.ciclesfp.cat\/wp-content\/uploads\/2025\/06\/IMG_4214-768x1024.jpg\" alt=\"\" class=\"wp-image-8712\" srcset=\"https:\/\/www.ciclesfp.cat\/wp-content\/uploads\/2025\/06\/IMG_4214-768x1024.jpg 768w, https:\/\/www.ciclesfp.cat\/wp-content\/uploads\/2025\/06\/IMG_4214-225x300.jpg 225w, https:\/\/www.ciclesfp.cat\/wp-content\/uploads\/2025\/06\/IMG_4214-1152x1536.jpg 1152w, https:\/\/www.ciclesfp.cat\/wp-content\/uploads\/2025\/06\/IMG_4214-1536x2048.jpg 1536w, https:\/\/www.ciclesfp.cat\/wp-content\/uploads\/2025\/06\/IMG_4214-600x800.jpg 600w, https:\/\/www.ciclesfp.cat\/wp-content\/uploads\/2025\/06\/IMG_4214-700x933.jpg 700w, https:\/\/www.ciclesfp.cat\/wp-content\/uploads\/2025\/06\/IMG_4214-scaled.jpg 1920w\" sizes=\"(max-width: 768px) 100vw, 768px\" \/><\/figure>\n<\/figure>\n","protected":false},"excerpt":{"rendered":"<p>L\u2019alumnat de l\u2019Institut Jaume Mim\u00f3 de CFGM de segon d\u2019activitats comercials, va participar en una sortida molt especial per con\u00e8ixer de primera m\u00e0 la realitat de les persones sense llar. Aquesta excursi\u00f3 es va fer durant el 27 de mar\u00e7, i s\u2019emmarca dins de les activitats de la cooperativa de l\u2019Institut Jaume Mim\u00f3.Aquesta excursi\u00f3 forma part del projecte de cooperativa&#8230;<\/p>\n","protected":false},"author":1,"featured_media":8710,"comment_status":"open","ping_status":"open","sticky":false,"template":"","format":"standard","meta":{"footnotes":""},"categories":[8],"tags":[],"class_list":["post-8705","post","type-post","status-publish","format-standard","has-post-thumbnail","hentry","category-cfgm"],"yoast_head":"<!-- This site is optimized with the Yoast SEO plugin v27.5 - https:\/\/yoast.com\/product\/yoast-seo-wordpress\/ -->\n<title>Una mirada a la realitat dels sense sostre amb la Fundaci\u00f3 Arrels - Institut Jaume Mim\u00f3 FP<\/title>\n<meta name=\"robots\" content=\"index, follow, max-snippet:-1, max-image-preview:large, max-video-preview:-1\" \/>\n<link rel=\"canonical\" href=\"https:\/\/www.ciclesfp.cat\/ca\/2025\/06\/13\/una-mirada-a-la-realitat-dels-sense-sostre-amb-la-fundacio-arrels\/\" \/>\n<meta property=\"og:locale\" content=\"ca_ES\" \/>\n<meta property=\"og:type\" content=\"article\" \/>\n<meta property=\"og:title\" content=\"Una mirada a la realitat dels sense sostre amb la Fundaci\u00f3 Arrels - Institut Jaume Mim\u00f3 FP\" \/>\n<meta property=\"og:description\" content=\"L\u2019alumnat de l\u2019Institut Jaume Mim\u00f3 de CFGM de segon d\u2019activitats comercials, va participar en una sortida molt especial per con\u00e8ixer de primera m\u00e0 la realitat de les persones sense llar. Aquesta excursi\u00f3 es va fer durant el 27 de mar\u00e7, i s\u2019emmarca dins de les activitats de la cooperativa de l\u2019Institut Jaume Mim\u00f3.Aquesta excursi\u00f3 forma part del projecte de cooperativa...\" \/>\n<meta property=\"og:url\" content=\"https:\/\/www.ciclesfp.cat\/ca\/2025\/06\/13\/una-mirada-a-la-realitat-dels-sense-sostre-amb-la-fundacio-arrels\/\" \/>\n<meta property=\"og:site_name\" content=\"Institut Jaume Mim\u00f3 FP\" \/>\n<meta property=\"article:published_time\" content=\"2025-06-13T18:00:00+00:00\" \/>\n<meta property=\"og:image\" content=\"https:\/\/www.ciclesfp.cat\/wp-content\/uploads\/2025\/06\/IMG_4196-1-scaled.jpg\" \/>\n\t<meta property=\"og:image:width\" content=\"1920\" \/>\n\t<meta property=\"og:image:height\" content=\"2560\" \/>\n\t<meta property=\"og:image:type\" content=\"image\/jpeg\" \/>\n<meta name=\"author\" content=\"insjaumemimo\" \/>\n<meta name=\"twitter:card\" content=\"summary_large_image\" \/>\n<meta name=\"twitter:creator\" content=\"@insjaumemimo\" \/>\n<meta name=\"twitter:site\" content=\"@insjaumemimo\" \/>\n<meta name=\"twitter:label1\" content=\"Escrit per\" \/>\n\t<meta name=\"twitter:data1\" content=\"insjaumemimo\" \/>\n\t<meta name=\"twitter:label2\" content=\"Temps estimat de lectura\" \/>\n\t<meta name=\"twitter:data2\" content=\"5 minuts\" \/>\n<script type=\"application\/ld+json\" class=\"yoast-schema-graph\">{\"@context\":\"https:\\\/\\\/schema.org\",\"@graph\":[{\"@type\":\"Article\",\"@id\":\"https:\\\/\\\/www.ciclesfp.cat\\\/ca\\\/2025\\\/06\\\/13\\\/una-mirada-a-la-realitat-dels-sense-sostre-amb-la-fundacio-arrels\\\/#article\",\"isPartOf\":{\"@id\":\"https:\\\/\\\/www.ciclesfp.cat\\\/ca\\\/2025\\\/06\\\/13\\\/una-mirada-a-la-realitat-dels-sense-sostre-amb-la-fundacio-arrels\\\/\"},\"author\":{\"name\":\"insjaumemimo\",\"@id\":\"https:\\\/\\\/www.ciclesfp.cat\\\/ca\\\/#\\\/schema\\\/person\\\/038def007bc8dd159b347c0d9c63c056\"},\"headline\":\"Una mirada a la realitat dels sense sostre amb la Fundaci\u00f3 Arrels\",\"datePublished\":\"2025-06-13T18:00:00+00:00\",\"mainEntityOfPage\":{\"@id\":\"https:\\\/\\\/www.ciclesfp.cat\\\/ca\\\/2025\\\/06\\\/13\\\/una-mirada-a-la-realitat-dels-sense-sostre-amb-la-fundacio-arrels\\\/\"},\"wordCount\":636,\"commentCount\":0,\"publisher\":{\"@id\":\"https:\\\/\\\/www.ciclesfp.cat\\\/ca\\\/#organization\"},\"image\":{\"@id\":\"https:\\\/\\\/www.ciclesfp.cat\\\/ca\\\/2025\\\/06\\\/13\\\/una-mirada-a-la-realitat-dels-sense-sostre-amb-la-fundacio-arrels\\\/#primaryimage\"},\"thumbnailUrl\":\"https:\\\/\\\/www.ciclesfp.cat\\\/wp-content\\\/uploads\\\/2025\\\/06\\\/IMG_4196-1-scaled.jpg\",\"articleSection\":[\"CFGM\"],\"inLanguage\":\"ca\",\"potentialAction\":[{\"@type\":\"CommentAction\",\"name\":\"Comment\",\"target\":[\"https:\\\/\\\/www.ciclesfp.cat\\\/ca\\\/2025\\\/06\\\/13\\\/una-mirada-a-la-realitat-dels-sense-sostre-amb-la-fundacio-arrels\\\/#respond\"]}]},{\"@type\":\"WebPage\",\"@id\":\"https:\\\/\\\/www.ciclesfp.cat\\\/ca\\\/2025\\\/06\\\/13\\\/una-mirada-a-la-realitat-dels-sense-sostre-amb-la-fundacio-arrels\\\/\",\"url\":\"https:\\\/\\\/www.ciclesfp.cat\\\/ca\\\/2025\\\/06\\\/13\\\/una-mirada-a-la-realitat-dels-sense-sostre-amb-la-fundacio-arrels\\\/\",\"name\":\"Una mirada a la realitat dels sense sostre amb la Fundaci\u00f3 Arrels - Institut Jaume Mim\u00f3 FP\",\"isPartOf\":{\"@id\":\"https:\\\/\\\/www.ciclesfp.cat\\\/ca\\\/#website\"},\"primaryImageOfPage\":{\"@id\":\"https:\\\/\\\/www.ciclesfp.cat\\\/ca\\\/2025\\\/06\\\/13\\\/una-mirada-a-la-realitat-dels-sense-sostre-amb-la-fundacio-arrels\\\/#primaryimage\"},\"image\":{\"@id\":\"https:\\\/\\\/www.ciclesfp.cat\\\/ca\\\/2025\\\/06\\\/13\\\/una-mirada-a-la-realitat-dels-sense-sostre-amb-la-fundacio-arrels\\\/#primaryimage\"},\"thumbnailUrl\":\"https:\\\/\\\/www.ciclesfp.cat\\\/wp-content\\\/uploads\\\/2025\\\/06\\\/IMG_4196-1-scaled.jpg\",\"datePublished\":\"2025-06-13T18:00:00+00:00\",\"breadcrumb\":{\"@id\":\"https:\\\/\\\/www.ciclesfp.cat\\\/ca\\\/2025\\\/06\\\/13\\\/una-mirada-a-la-realitat-dels-sense-sostre-amb-la-fundacio-arrels\\\/#breadcrumb\"},\"inLanguage\":\"ca\",\"potentialAction\":[{\"@type\":\"ReadAction\",\"target\":[\"https:\\\/\\\/www.ciclesfp.cat\\\/ca\\\/2025\\\/06\\\/13\\\/una-mirada-a-la-realitat-dels-sense-sostre-amb-la-fundacio-arrels\\\/\"]}]},{\"@type\":\"ImageObject\",\"inLanguage\":\"ca\",\"@id\":\"https:\\\/\\\/www.ciclesfp.cat\\\/ca\\\/2025\\\/06\\\/13\\\/una-mirada-a-la-realitat-dels-sense-sostre-amb-la-fundacio-arrels\\\/#primaryimage\",\"url\":\"https:\\\/\\\/www.ciclesfp.cat\\\/wp-content\\\/uploads\\\/2025\\\/06\\\/IMG_4196-1-scaled.jpg\",\"contentUrl\":\"https:\\\/\\\/www.ciclesfp.cat\\\/wp-content\\\/uploads\\\/2025\\\/06\\\/IMG_4196-1-scaled.jpg\",\"width\":1920,\"height\":2560},{\"@type\":\"BreadcrumbList\",\"@id\":\"https:\\\/\\\/www.ciclesfp.cat\\\/ca\\\/2025\\\/06\\\/13\\\/una-mirada-a-la-realitat-dels-sense-sostre-amb-la-fundacio-arrels\\\/#breadcrumb\",\"itemListElement\":[{\"@type\":\"ListItem\",\"position\":1,\"name\":\"Inici\",\"item\":\"https:\\\/\\\/www.ciclesfp.cat\\\/ca\\\/\"},{\"@type\":\"ListItem\",\"position\":2,\"name\":\"Una mirada a la realitat dels sense sostre amb la Fundaci\u00f3 Arrels\"}]},{\"@type\":\"WebSite\",\"@id\":\"https:\\\/\\\/www.ciclesfp.cat\\\/ca\\\/#website\",\"url\":\"https:\\\/\\\/www.ciclesfp.cat\\\/ca\\\/\",\"name\":\"Institut Jaume Mim\u00f3 FP\",\"description\":\"Pensa. Actua. Transforma.\",\"publisher\":{\"@id\":\"https:\\\/\\\/www.ciclesfp.cat\\\/ca\\\/#organization\"},\"potentialAction\":[{\"@type\":\"SearchAction\",\"target\":{\"@type\":\"EntryPoint\",\"urlTemplate\":\"https:\\\/\\\/www.ciclesfp.cat\\\/ca\\\/?s={search_term_string}\"},\"query-input\":{\"@type\":\"PropertyValueSpecification\",\"valueRequired\":true,\"valueName\":\"search_term_string\"}}],\"inLanguage\":\"ca\"},{\"@type\":\"Organization\",\"@id\":\"https:\\\/\\\/www.ciclesfp.cat\\\/ca\\\/#organization\",\"name\":\"INS Jaume Mim\u00f3\",\"url\":\"https:\\\/\\\/www.ciclesfp.cat\\\/ca\\\/\",\"logo\":{\"@type\":\"ImageObject\",\"inLanguage\":\"ca\",\"@id\":\"https:\\\/\\\/www.ciclesfp.cat\\\/ca\\\/#\\\/schema\\\/logo\\\/image\\\/\",\"url\":\"https:\\\/\\\/www.ciclesfp.cat\\\/wp-content\\\/uploads\\\/2019\\\/12\\\/logotip_del_centre-623x1024.png\",\"contentUrl\":\"https:\\\/\\\/www.ciclesfp.cat\\\/wp-content\\\/uploads\\\/2019\\\/12\\\/logotip_del_centre-623x1024.png\",\"width\":623,\"height\":1024,\"caption\":\"INS Jaume Mim\u00f3\"},\"image\":{\"@id\":\"https:\\\/\\\/www.ciclesfp.cat\\\/ca\\\/#\\\/schema\\\/logo\\\/image\\\/\"},\"sameAs\":[\"https:\\\/\\\/x.com\\\/insjaumemimo\",\"https:\\\/\\\/www.instagram.com\\\/insjaumemimo\\\/\",\"https:\\\/\\\/www.youtube.com\\\/channel\\\/UCOAhr11cd5pTqhuKCUnPrCQ\\\/feed?view_as=public\"]},{\"@type\":\"Person\",\"@id\":\"https:\\\/\\\/www.ciclesfp.cat\\\/ca\\\/#\\\/schema\\\/person\\\/038def007bc8dd159b347c0d9c63c056\",\"name\":\"insjaumemimo\",\"image\":{\"@type\":\"ImageObject\",\"inLanguage\":\"ca\",\"@id\":\"https:\\\/\\\/secure.gravatar.com\\\/avatar\\\/ee376169c99a1bcc7c076b3174ac89870a1374fc1f94350cf8c8d204ed606ad0?s=96&d=mm&r=g\",\"url\":\"https:\\\/\\\/secure.gravatar.com\\\/avatar\\\/ee376169c99a1bcc7c076b3174ac89870a1374fc1f94350cf8c8d204ed606ad0?s=96&d=mm&r=g\",\"contentUrl\":\"https:\\\/\\\/secure.gravatar.com\\\/avatar\\\/ee376169c99a1bcc7c076b3174ac89870a1374fc1f94350cf8c8d204ed606ad0?s=96&d=mm&r=g\",\"caption\":\"insjaumemimo\"},\"url\":\"https:\\\/\\\/www.ciclesfp.cat\\\/ca\\\/author\\\/insjaumemimo\\\/\"}]}<\/script>\n<!-- \/ Yoast SEO plugin. -->","yoast_head_json":{"title":"Una mirada a la realitat dels sense sostre amb la Fundaci\u00f3 Arrels - Institut Jaume Mim\u00f3 FP","robots":{"index":"index","follow":"follow","max-snippet":"max-snippet:-1","max-image-preview":"max-image-preview:large","max-video-preview":"max-video-preview:-1"},"canonical":"https:\/\/www.ciclesfp.cat\/ca\/2025\/06\/13\/una-mirada-a-la-realitat-dels-sense-sostre-amb-la-fundacio-arrels\/","og_locale":"ca_ES","og_type":"article","og_title":"Una mirada a la realitat dels sense sostre amb la Fundaci\u00f3 Arrels - Institut Jaume Mim\u00f3 FP","og_description":"L\u2019alumnat de l\u2019Institut Jaume Mim\u00f3 de CFGM de segon d\u2019activitats comercials, va participar en una sortida molt especial per con\u00e8ixer de primera m\u00e0 la realitat de les persones sense llar. Aquesta excursi\u00f3 es va fer durant el 27 de mar\u00e7, i s\u2019emmarca dins de les activitats de la cooperativa de l\u2019Institut Jaume Mim\u00f3.Aquesta excursi\u00f3 forma part del projecte de cooperativa...","og_url":"https:\/\/www.ciclesfp.cat\/ca\/2025\/06\/13\/una-mirada-a-la-realitat-dels-sense-sostre-amb-la-fundacio-arrels\/","og_site_name":"Institut Jaume Mim\u00f3 FP","article_published_time":"2025-06-13T18:00:00+00:00","og_image":[{"width":1920,"height":2560,"url":"https:\/\/www.ciclesfp.cat\/wp-content\/uploads\/2025\/06\/IMG_4196-1-scaled.jpg","type":"image\/jpeg"}],"author":"insjaumemimo","twitter_card":"summary_large_image","twitter_creator":"@insjaumemimo","twitter_site":"@insjaumemimo","twitter_misc":{"Escrit per":"insjaumemimo","Temps estimat de lectura":"5 minuts"},"schema":{"@context":"https:\/\/schema.org","@graph":[{"@type":"Article","@id":"https:\/\/www.ciclesfp.cat\/ca\/2025\/06\/13\/una-mirada-a-la-realitat-dels-sense-sostre-amb-la-fundacio-arrels\/#article","isPartOf":{"@id":"https:\/\/www.ciclesfp.cat\/ca\/2025\/06\/13\/una-mirada-a-la-realitat-dels-sense-sostre-amb-la-fundacio-arrels\/"},"author":{"name":"insjaumemimo","@id":"https:\/\/www.ciclesfp.cat\/ca\/#\/schema\/person\/038def007bc8dd159b347c0d9c63c056"},"headline":"Una mirada a la realitat dels sense sostre amb la Fundaci\u00f3 Arrels","datePublished":"2025-06-13T18:00:00+00:00","mainEntityOfPage":{"@id":"https:\/\/www.ciclesfp.cat\/ca\/2025\/06\/13\/una-mirada-a-la-realitat-dels-sense-sostre-amb-la-fundacio-arrels\/"},"wordCount":636,"commentCount":0,"publisher":{"@id":"https:\/\/www.ciclesfp.cat\/ca\/#organization"},"image":{"@id":"https:\/\/www.ciclesfp.cat\/ca\/2025\/06\/13\/una-mirada-a-la-realitat-dels-sense-sostre-amb-la-fundacio-arrels\/#primaryimage"},"thumbnailUrl":"https:\/\/www.ciclesfp.cat\/wp-content\/uploads\/2025\/06\/IMG_4196-1-scaled.jpg","articleSection":["CFGM"],"inLanguage":"ca","potentialAction":[{"@type":"CommentAction","name":"Comment","target":["https:\/\/www.ciclesfp.cat\/ca\/2025\/06\/13\/una-mirada-a-la-realitat-dels-sense-sostre-amb-la-fundacio-arrels\/#respond"]}]},{"@type":"WebPage","@id":"https:\/\/www.ciclesfp.cat\/ca\/2025\/06\/13\/una-mirada-a-la-realitat-dels-sense-sostre-amb-la-fundacio-arrels\/","url":"https:\/\/www.ciclesfp.cat\/ca\/2025\/06\/13\/una-mirada-a-la-realitat-dels-sense-sostre-amb-la-fundacio-arrels\/","name":"Una mirada a la realitat dels sense sostre amb la Fundaci\u00f3 Arrels - Institut Jaume Mim\u00f3 FP","isPartOf":{"@id":"https:\/\/www.ciclesfp.cat\/ca\/#website"},"primaryImageOfPage":{"@id":"https:\/\/www.ciclesfp.cat\/ca\/2025\/06\/13\/una-mirada-a-la-realitat-dels-sense-sostre-amb-la-fundacio-arrels\/#primaryimage"},"image":{"@id":"https:\/\/www.ciclesfp.cat\/ca\/2025\/06\/13\/una-mirada-a-la-realitat-dels-sense-sostre-amb-la-fundacio-arrels\/#primaryimage"},"thumbnailUrl":"https:\/\/www.ciclesfp.cat\/wp-content\/uploads\/2025\/06\/IMG_4196-1-scaled.jpg","datePublished":"2025-06-13T18:00:00+00:00","breadcrumb":{"@id":"https:\/\/www.ciclesfp.cat\/ca\/2025\/06\/13\/una-mirada-a-la-realitat-dels-sense-sostre-amb-la-fundacio-arrels\/#breadcrumb"},"inLanguage":"ca","potentialAction":[{"@type":"ReadAction","target":["https:\/\/www.ciclesfp.cat\/ca\/2025\/06\/13\/una-mirada-a-la-realitat-dels-sense-sostre-amb-la-fundacio-arrels\/"]}]},{"@type":"ImageObject","inLanguage":"ca","@id":"https:\/\/www.ciclesfp.cat\/ca\/2025\/06\/13\/una-mirada-a-la-realitat-dels-sense-sostre-amb-la-fundacio-arrels\/#primaryimage","url":"https:\/\/www.ciclesfp.cat\/wp-content\/uploads\/2025\/06\/IMG_4196-1-scaled.jpg","contentUrl":"https:\/\/www.ciclesfp.cat\/wp-content\/uploads\/2025\/06\/IMG_4196-1-scaled.jpg","width":1920,"height":2560},{"@type":"BreadcrumbList","@id":"https:\/\/www.ciclesfp.cat\/ca\/2025\/06\/13\/una-mirada-a-la-realitat-dels-sense-sostre-amb-la-fundacio-arrels\/#breadcrumb","itemListElement":[{"@type":"ListItem","position":1,"name":"Inici","item":"https:\/\/www.ciclesfp.cat\/ca\/"},{"@type":"ListItem","position":2,"name":"Una mirada a la realitat dels sense sostre amb la Fundaci\u00f3 Arrels"}]},{"@type":"WebSite","@id":"https:\/\/www.ciclesfp.cat\/ca\/#website","url":"https:\/\/www.ciclesfp.cat\/ca\/","name":"Institut Jaume Mim\u00f3 FP","description":"Pensa. Actua. Transforma.","publisher":{"@id":"https:\/\/www.ciclesfp.cat\/ca\/#organization"},"potentialAction":[{"@type":"SearchAction","target":{"@type":"EntryPoint","urlTemplate":"https:\/\/www.ciclesfp.cat\/ca\/?s={search_term_string}"},"query-input":{"@type":"PropertyValueSpecification","valueRequired":true,"valueName":"search_term_string"}}],"inLanguage":"ca"},{"@type":"Organization","@id":"https:\/\/www.ciclesfp.cat\/ca\/#organization","name":"INS Jaume Mim\u00f3","url":"https:\/\/www.ciclesfp.cat\/ca\/","logo":{"@type":"ImageObject","inLanguage":"ca","@id":"https:\/\/www.ciclesfp.cat\/ca\/#\/schema\/logo\/image\/","url":"https:\/\/www.ciclesfp.cat\/wp-content\/uploads\/2019\/12\/logotip_del_centre-623x1024.png","contentUrl":"https:\/\/www.ciclesfp.cat\/wp-content\/uploads\/2019\/12\/logotip_del_centre-623x1024.png","width":623,"height":1024,"caption":"INS Jaume Mim\u00f3"},"image":{"@id":"https:\/\/www.ciclesfp.cat\/ca\/#\/schema\/logo\/image\/"},"sameAs":["https:\/\/x.com\/insjaumemimo","https:\/\/www.instagram.com\/insjaumemimo\/","https:\/\/www.youtube.com\/channel\/UCOAhr11cd5pTqhuKCUnPrCQ\/feed?view_as=public"]},{"@type":"Person","@id":"https:\/\/www.ciclesfp.cat\/ca\/#\/schema\/person\/038def007bc8dd159b347c0d9c63c056","name":"insjaumemimo","image":{"@type":"ImageObject","inLanguage":"ca","@id":"https:\/\/secure.gravatar.com\/avatar\/ee376169c99a1bcc7c076b3174ac89870a1374fc1f94350cf8c8d204ed606ad0?s=96&d=mm&r=g","url":"https:\/\/secure.gravatar.com\/avatar\/ee376169c99a1bcc7c076b3174ac89870a1374fc1f94350cf8c8d204ed606ad0?s=96&d=mm&r=g","contentUrl":"https:\/\/secure.gravatar.com\/avatar\/ee376169c99a1bcc7c076b3174ac89870a1374fc1f94350cf8c8d204ed606ad0?s=96&d=mm&r=g","caption":"insjaumemimo"},"url":"https:\/\/www.ciclesfp.cat\/ca\/author\/insjaumemimo\/"}]}},"_links":{"self":[{"href":"https:\/\/www.ciclesfp.cat\/ca\/wp-json\/wp\/v2\/posts\/8705","targetHints":{"allow":["GET"]}}],"collection":[{"href":"https:\/\/www.ciclesfp.cat\/ca\/wp-json\/wp\/v2\/posts"}],"about":[{"href":"https:\/\/www.ciclesfp.cat\/ca\/wp-json\/wp\/v2\/types\/post"}],"author":[{"embeddable":true,"href":"https:\/\/www.ciclesfp.cat\/ca\/wp-json\/wp\/v2\/users\/1"}],"replies":[{"embeddable":true,"href":"https:\/\/www.ciclesfp.cat\/ca\/wp-json\/wp\/v2\/comments?post=8705"}],"version-history":[{"count":1,"href":"https:\/\/www.ciclesfp.cat\/ca\/wp-json\/wp\/v2\/posts\/8705\/revisions"}],"predecessor-version":[{"id":8716,"href":"https:\/\/www.ciclesfp.cat\/ca\/wp-json\/wp\/v2\/posts\/8705\/revisions\/8716"}],"wp:featuredmedia":[{"embeddable":true,"href":"https:\/\/www.ciclesfp.cat\/ca\/wp-json\/wp\/v2\/media\/8710"}],"wp:attachment":[{"href":"https:\/\/www.ciclesfp.cat\/ca\/wp-json\/wp\/v2\/media?parent=8705"}],"wp:term":[{"taxonomy":"category","embeddable":true,"href":"https:\/\/www.ciclesfp.cat\/ca\/wp-json\/wp\/v2\/categories?post=8705"},{"taxonomy":"post_tag","embeddable":true,"href":"https:\/\/www.ciclesfp.cat\/ca\/wp-json\/wp\/v2\/tags?post=8705"}],"curies":[{"name":"wp","href":"https:\/\/api.w.org\/{rel}","templated":true}]}}