{"id":8655,"date":"2025-05-21T20:00:00","date_gmt":"2025-05-21T18:00:00","guid":{"rendered":"https:\/\/www.ciclesfp.cat\/?p=8655"},"modified":"2025-05-18T20:17:21","modified_gmt":"2025-05-18T18:17:21","slug":"erasmus-a-vitre-franca-%f0%9f%87%ab%f0%9f%87%b7","status":"publish","type":"post","link":"https:\/\/www.ciclesfp.cat\/ca\/2025\/05\/21\/erasmus-a-vitre-franca-%f0%9f%87%ab%f0%9f%87%b7\/","title":{"rendered":"Erasmus+ a Vitr\u00e9, Fran\u00e7a \ud83c\uddeb\ud83c\uddf7"},"content":{"rendered":"\n<p>El passat mes de mar\u00e7, 7 alumnes dels graus superiors de Comer\u00e7 Internacional i Transport i Log\u00edstica van tenir la sort de viatjar a Vitr\u00e9, Fran\u00e7a, durant una setmana plena d\u2019aprenentatges i moments \u00fanics gr\u00e0cies al programa Erasmus+! \ud83c\udf0d<\/p>\n\n\n\n<p>Van viure de primera m\u00e0 el sistema educatiu franc\u00e8s, treballant amb l\u2019alumnat local i millorant el seu franc\u00e8s en tot moment. \ud83d\udde3\ufe0f\ud83d\udcac A m\u00e9s, van visitar empreses i van con\u00e8ixer de prop el m\u00f3n laboral de la zona. \ud83d\udd0d\ud83d\udca1<\/p>\n\n\n\n<p>Per\u00f2 no tot va ser feina! Tamb\u00e9 van descobrir les meravelles de Vitr\u00e9, Rennes i Nantes, tot creant noves amistats i bons records! \ud83c\udff0<\/p>\n\n\n\n<div style=\"height:17px\" aria-hidden=\"true\" class=\"wp-block-spacer\"><\/div>\n\n\n\n<figure class=\"wp-block-image size-large\"><img fetchpriority=\"high\" decoding=\"async\" width=\"1024\" height=\"768\" src=\"https:\/\/www.ciclesfp.cat\/wp-content\/uploads\/2025\/05\/IMG_5907-Ana-Pilar-Gutierrez-1024x768.jpg\" alt=\"\" class=\"wp-image-8660\" srcset=\"https:\/\/www.ciclesfp.cat\/wp-content\/uploads\/2025\/05\/IMG_5907-Ana-Pilar-Gutierrez-1024x768.jpg 1024w, https:\/\/www.ciclesfp.cat\/wp-content\/uploads\/2025\/05\/IMG_5907-Ana-Pilar-Gutierrez-300x225.jpg 300w, https:\/\/www.ciclesfp.cat\/wp-content\/uploads\/2025\/05\/IMG_5907-Ana-Pilar-Gutierrez-768x576.jpg 768w, https:\/\/www.ciclesfp.cat\/wp-content\/uploads\/2025\/05\/IMG_5907-Ana-Pilar-Gutierrez-1536x1152.jpg 1536w, https:\/\/www.ciclesfp.cat\/wp-content\/uploads\/2025\/05\/IMG_5907-Ana-Pilar-Gutierrez-800x600.jpg 800w, https:\/\/www.ciclesfp.cat\/wp-content\/uploads\/2025\/05\/IMG_5907-Ana-Pilar-Gutierrez-700x525.jpg 700w, https:\/\/www.ciclesfp.cat\/wp-content\/uploads\/2025\/05\/IMG_5907-Ana-Pilar-Gutierrez.jpg 2016w\" sizes=\"(max-width: 1024px) 100vw, 1024px\" \/><\/figure>\n","protected":false},"excerpt":{"rendered":"<p>El passat mes de mar\u00e7, 7 alumnes dels graus superiors de Comer\u00e7 Internacional i Transport i Log\u00edstica van tenir la sort de viatjar a Vitr\u00e9, Fran\u00e7a, durant una setmana plena d\u2019aprenentatges i moments \u00fanics gr\u00e0cies al programa Erasmus+! \ud83c\udf0d Van viure de primera m\u00e0 el sistema educatiu franc\u00e8s, treballant amb l\u2019alumnat local i millorant el seu franc\u00e8s en tot moment&#8230;.<\/p>\n","protected":false},"author":1,"featured_media":8660,"comment_status":"open","ping_status":"open","sticky":false,"template":"","format":"standard","meta":{"footnotes":""},"categories":[8,7],"tags":[],"class_list":["post-8655","post","type-post","status-publish","format-standard","has-post-thumbnail","hentry","category-cfgm","category-erasmus"],"yoast_head":"<!-- This site is optimized with the Yoast SEO plugin v27.5 - https:\/\/yoast.com\/product\/yoast-seo-wordpress\/ -->\n<title>Erasmus+ a Vitr\u00e9, Fran\u00e7a \ud83c\uddeb\ud83c\uddf7 - Institut Jaume Mim\u00f3 FP<\/title>\n<meta name=\"robots\" content=\"index, follow, max-snippet:-1, max-image-preview:large, max-video-preview:-1\" \/>\n<link rel=\"canonical\" href=\"https:\/\/www.ciclesfp.cat\/ca\/2025\/05\/21\/erasmus-a-vitre-franca-%f0%9f%87%ab%f0%9f%87%b7\/\" \/>\n<meta property=\"og:locale\" content=\"ca_ES\" \/>\n<meta property=\"og:type\" content=\"article\" \/>\n<meta property=\"og:title\" content=\"Erasmus+ a Vitr\u00e9, Fran\u00e7a \ud83c\uddeb\ud83c\uddf7 - Institut Jaume Mim\u00f3 FP\" \/>\n<meta property=\"og:description\" content=\"El passat mes de mar\u00e7, 7 alumnes dels graus superiors de Comer\u00e7 Internacional i Transport i Log\u00edstica van tenir la sort de viatjar a Vitr\u00e9, Fran\u00e7a, durant una setmana plena d\u2019aprenentatges i moments \u00fanics gr\u00e0cies al programa Erasmus+! \ud83c\udf0d Van viure de primera m\u00e0 el sistema educatiu franc\u00e8s, treballant amb l\u2019alumnat local i millorant el seu franc\u00e8s en tot moment....\" \/>\n<meta property=\"og:url\" content=\"https:\/\/www.ciclesfp.cat\/ca\/2025\/05\/21\/erasmus-a-vitre-franca-%f0%9f%87%ab%f0%9f%87%b7\/\" \/>\n<meta property=\"og:site_name\" content=\"Institut Jaume Mim\u00f3 FP\" \/>\n<meta property=\"article:published_time\" content=\"2025-05-21T18:00:00+00:00\" \/>\n<meta property=\"og:image\" content=\"https:\/\/www.ciclesfp.cat\/wp-content\/uploads\/2025\/05\/IMG_5907-Ana-Pilar-Gutierrez.jpg\" \/>\n\t<meta property=\"og:image:width\" content=\"2016\" \/>\n\t<meta property=\"og:image:height\" content=\"1512\" \/>\n\t<meta property=\"og:image:type\" content=\"image\/jpeg\" \/>\n<meta name=\"author\" content=\"insjaumemimo\" \/>\n<meta name=\"twitter:card\" content=\"summary_large_image\" \/>\n<meta name=\"twitter:creator\" content=\"@insjaumemimo\" \/>\n<meta name=\"twitter:site\" content=\"@insjaumemimo\" \/>\n<meta name=\"twitter:label1\" content=\"Escrit per\" \/>\n\t<meta name=\"twitter:data1\" content=\"insjaumemimo\" \/>\n\t<meta name=\"twitter:label2\" content=\"Temps estimat de lectura\" \/>\n\t<meta name=\"twitter:data2\" content=\"1 minut\" \/>\n<script type=\"application\/ld+json\" class=\"yoast-schema-graph\">{\"@context\":\"https:\\\/\\\/schema.org\",\"@graph\":[{\"@type\":\"Article\",\"@id\":\"https:\\\/\\\/www.ciclesfp.cat\\\/ca\\\/2025\\\/05\\\/21\\\/erasmus-a-vitre-franca-%f0%9f%87%ab%f0%9f%87%b7\\\/#article\",\"isPartOf\":{\"@id\":\"https:\\\/\\\/www.ciclesfp.cat\\\/ca\\\/2025\\\/05\\\/21\\\/erasmus-a-vitre-franca-%f0%9f%87%ab%f0%9f%87%b7\\\/\"},\"author\":{\"name\":\"insjaumemimo\",\"@id\":\"https:\\\/\\\/www.ciclesfp.cat\\\/ca\\\/#\\\/schema\\\/person\\\/038def007bc8dd159b347c0d9c63c056\"},\"headline\":\"Erasmus+ a Vitr\u00e9, Fran\u00e7a \ud83c\uddeb\ud83c\uddf7\",\"datePublished\":\"2025-05-21T18:00:00+00:00\",\"mainEntityOfPage\":{\"@id\":\"https:\\\/\\\/www.ciclesfp.cat\\\/ca\\\/2025\\\/05\\\/21\\\/erasmus-a-vitre-franca-%f0%9f%87%ab%f0%9f%87%b7\\\/\"},\"wordCount\":112,\"commentCount\":0,\"publisher\":{\"@id\":\"https:\\\/\\\/www.ciclesfp.cat\\\/ca\\\/#organization\"},\"image\":{\"@id\":\"https:\\\/\\\/www.ciclesfp.cat\\\/ca\\\/2025\\\/05\\\/21\\\/erasmus-a-vitre-franca-%f0%9f%87%ab%f0%9f%87%b7\\\/#primaryimage\"},\"thumbnailUrl\":\"https:\\\/\\\/www.ciclesfp.cat\\\/wp-content\\\/uploads\\\/2025\\\/05\\\/IMG_5907-Ana-Pilar-Gutierrez.jpg\",\"articleSection\":[\"CFGM\",\"ERASMUS +\"],\"inLanguage\":\"ca\",\"potentialAction\":[{\"@type\":\"CommentAction\",\"name\":\"Comment\",\"target\":[\"https:\\\/\\\/www.ciclesfp.cat\\\/ca\\\/2025\\\/05\\\/21\\\/erasmus-a-vitre-franca-%f0%9f%87%ab%f0%9f%87%b7\\\/#respond\"]}]},{\"@type\":\"WebPage\",\"@id\":\"https:\\\/\\\/www.ciclesfp.cat\\\/ca\\\/2025\\\/05\\\/21\\\/erasmus-a-vitre-franca-%f0%9f%87%ab%f0%9f%87%b7\\\/\",\"url\":\"https:\\\/\\\/www.ciclesfp.cat\\\/ca\\\/2025\\\/05\\\/21\\\/erasmus-a-vitre-franca-%f0%9f%87%ab%f0%9f%87%b7\\\/\",\"name\":\"Erasmus+ a Vitr\u00e9, Fran\u00e7a \ud83c\uddeb\ud83c\uddf7 - Institut Jaume Mim\u00f3 FP\",\"isPartOf\":{\"@id\":\"https:\\\/\\\/www.ciclesfp.cat\\\/ca\\\/#website\"},\"primaryImageOfPage\":{\"@id\":\"https:\\\/\\\/www.ciclesfp.cat\\\/ca\\\/2025\\\/05\\\/21\\\/erasmus-a-vitre-franca-%f0%9f%87%ab%f0%9f%87%b7\\\/#primaryimage\"},\"image\":{\"@id\":\"https:\\\/\\\/www.ciclesfp.cat\\\/ca\\\/2025\\\/05\\\/21\\\/erasmus-a-vitre-franca-%f0%9f%87%ab%f0%9f%87%b7\\\/#primaryimage\"},\"thumbnailUrl\":\"https:\\\/\\\/www.ciclesfp.cat\\\/wp-content\\\/uploads\\\/2025\\\/05\\\/IMG_5907-Ana-Pilar-Gutierrez.jpg\",\"datePublished\":\"2025-05-21T18:00:00+00:00\",\"breadcrumb\":{\"@id\":\"https:\\\/\\\/www.ciclesfp.cat\\\/ca\\\/2025\\\/05\\\/21\\\/erasmus-a-vitre-franca-%f0%9f%87%ab%f0%9f%87%b7\\\/#breadcrumb\"},\"inLanguage\":\"ca\",\"potentialAction\":[{\"@type\":\"ReadAction\",\"target\":[\"https:\\\/\\\/www.ciclesfp.cat\\\/ca\\\/2025\\\/05\\\/21\\\/erasmus-a-vitre-franca-%f0%9f%87%ab%f0%9f%87%b7\\\/\"]}]},{\"@type\":\"ImageObject\",\"inLanguage\":\"ca\",\"@id\":\"https:\\\/\\\/www.ciclesfp.cat\\\/ca\\\/2025\\\/05\\\/21\\\/erasmus-a-vitre-franca-%f0%9f%87%ab%f0%9f%87%b7\\\/#primaryimage\",\"url\":\"https:\\\/\\\/www.ciclesfp.cat\\\/wp-content\\\/uploads\\\/2025\\\/05\\\/IMG_5907-Ana-Pilar-Gutierrez.jpg\",\"contentUrl\":\"https:\\\/\\\/www.ciclesfp.cat\\\/wp-content\\\/uploads\\\/2025\\\/05\\\/IMG_5907-Ana-Pilar-Gutierrez.jpg\",\"width\":2016,\"height\":1512},{\"@type\":\"BreadcrumbList\",\"@id\":\"https:\\\/\\\/www.ciclesfp.cat\\\/ca\\\/2025\\\/05\\\/21\\\/erasmus-a-vitre-franca-%f0%9f%87%ab%f0%9f%87%b7\\\/#breadcrumb\",\"itemListElement\":[{\"@type\":\"ListItem\",\"position\":1,\"name\":\"Inici\",\"item\":\"https:\\\/\\\/www.ciclesfp.cat\\\/ca\\\/\"},{\"@type\":\"ListItem\",\"position\":2,\"name\":\"Erasmus+ a Vitr\u00e9, Fran\u00e7a \ud83c\uddeb\ud83c\uddf7\"}]},{\"@type\":\"WebSite\",\"@id\":\"https:\\\/\\\/www.ciclesfp.cat\\\/ca\\\/#website\",\"url\":\"https:\\\/\\\/www.ciclesfp.cat\\\/ca\\\/\",\"name\":\"Institut Jaume Mim\u00f3 FP\",\"description\":\"Pensa. Actua. Transforma.\",\"publisher\":{\"@id\":\"https:\\\/\\\/www.ciclesfp.cat\\\/ca\\\/#organization\"},\"potentialAction\":[{\"@type\":\"SearchAction\",\"target\":{\"@type\":\"EntryPoint\",\"urlTemplate\":\"https:\\\/\\\/www.ciclesfp.cat\\\/ca\\\/?s={search_term_string}\"},\"query-input\":{\"@type\":\"PropertyValueSpecification\",\"valueRequired\":true,\"valueName\":\"search_term_string\"}}],\"inLanguage\":\"ca\"},{\"@type\":\"Organization\",\"@id\":\"https:\\\/\\\/www.ciclesfp.cat\\\/ca\\\/#organization\",\"name\":\"INS Jaume Mim\u00f3\",\"url\":\"https:\\\/\\\/www.ciclesfp.cat\\\/ca\\\/\",\"logo\":{\"@type\":\"ImageObject\",\"inLanguage\":\"ca\",\"@id\":\"https:\\\/\\\/www.ciclesfp.cat\\\/ca\\\/#\\\/schema\\\/logo\\\/image\\\/\",\"url\":\"https:\\\/\\\/www.ciclesfp.cat\\\/wp-content\\\/uploads\\\/2019\\\/12\\\/logotip_del_centre-623x1024.png\",\"contentUrl\":\"https:\\\/\\\/www.ciclesfp.cat\\\/wp-content\\\/uploads\\\/2019\\\/12\\\/logotip_del_centre-623x1024.png\",\"width\":623,\"height\":1024,\"caption\":\"INS Jaume Mim\u00f3\"},\"image\":{\"@id\":\"https:\\\/\\\/www.ciclesfp.cat\\\/ca\\\/#\\\/schema\\\/logo\\\/image\\\/\"},\"sameAs\":[\"https:\\\/\\\/x.com\\\/insjaumemimo\",\"https:\\\/\\\/www.instagram.com\\\/insjaumemimo\\\/\",\"https:\\\/\\\/www.youtube.com\\\/channel\\\/UCOAhr11cd5pTqhuKCUnPrCQ\\\/feed?view_as=public\"]},{\"@type\":\"Person\",\"@id\":\"https:\\\/\\\/www.ciclesfp.cat\\\/ca\\\/#\\\/schema\\\/person\\\/038def007bc8dd159b347c0d9c63c056\",\"name\":\"insjaumemimo\",\"image\":{\"@type\":\"ImageObject\",\"inLanguage\":\"ca\",\"@id\":\"https:\\\/\\\/secure.gravatar.com\\\/avatar\\\/ee376169c99a1bcc7c076b3174ac89870a1374fc1f94350cf8c8d204ed606ad0?s=96&d=mm&r=g\",\"url\":\"https:\\\/\\\/secure.gravatar.com\\\/avatar\\\/ee376169c99a1bcc7c076b3174ac89870a1374fc1f94350cf8c8d204ed606ad0?s=96&d=mm&r=g\",\"contentUrl\":\"https:\\\/\\\/secure.gravatar.com\\\/avatar\\\/ee376169c99a1bcc7c076b3174ac89870a1374fc1f94350cf8c8d204ed606ad0?s=96&d=mm&r=g\",\"caption\":\"insjaumemimo\"},\"url\":\"https:\\\/\\\/www.ciclesfp.cat\\\/ca\\\/author\\\/insjaumemimo\\\/\"}]}<\/script>\n<!-- \/ Yoast SEO plugin. -->","yoast_head_json":{"title":"Erasmus+ a Vitr\u00e9, Fran\u00e7a \ud83c\uddeb\ud83c\uddf7 - Institut Jaume Mim\u00f3 FP","robots":{"index":"index","follow":"follow","max-snippet":"max-snippet:-1","max-image-preview":"max-image-preview:large","max-video-preview":"max-video-preview:-1"},"canonical":"https:\/\/www.ciclesfp.cat\/ca\/2025\/05\/21\/erasmus-a-vitre-franca-%f0%9f%87%ab%f0%9f%87%b7\/","og_locale":"ca_ES","og_type":"article","og_title":"Erasmus+ a Vitr\u00e9, Fran\u00e7a \ud83c\uddeb\ud83c\uddf7 - Institut Jaume Mim\u00f3 FP","og_description":"El passat mes de mar\u00e7, 7 alumnes dels graus superiors de Comer\u00e7 Internacional i Transport i Log\u00edstica van tenir la sort de viatjar a Vitr\u00e9, Fran\u00e7a, durant una setmana plena d\u2019aprenentatges i moments \u00fanics gr\u00e0cies al programa Erasmus+! \ud83c\udf0d Van viure de primera m\u00e0 el sistema educatiu franc\u00e8s, treballant amb l\u2019alumnat local i millorant el seu franc\u00e8s en tot moment....","og_url":"https:\/\/www.ciclesfp.cat\/ca\/2025\/05\/21\/erasmus-a-vitre-franca-%f0%9f%87%ab%f0%9f%87%b7\/","og_site_name":"Institut Jaume Mim\u00f3 FP","article_published_time":"2025-05-21T18:00:00+00:00","og_image":[{"width":2016,"height":1512,"url":"https:\/\/www.ciclesfp.cat\/wp-content\/uploads\/2025\/05\/IMG_5907-Ana-Pilar-Gutierrez.jpg","type":"image\/jpeg"}],"author":"insjaumemimo","twitter_card":"summary_large_image","twitter_creator":"@insjaumemimo","twitter_site":"@insjaumemimo","twitter_misc":{"Escrit per":"insjaumemimo","Temps estimat de lectura":"1 minut"},"schema":{"@context":"https:\/\/schema.org","@graph":[{"@type":"Article","@id":"https:\/\/www.ciclesfp.cat\/ca\/2025\/05\/21\/erasmus-a-vitre-franca-%f0%9f%87%ab%f0%9f%87%b7\/#article","isPartOf":{"@id":"https:\/\/www.ciclesfp.cat\/ca\/2025\/05\/21\/erasmus-a-vitre-franca-%f0%9f%87%ab%f0%9f%87%b7\/"},"author":{"name":"insjaumemimo","@id":"https:\/\/www.ciclesfp.cat\/ca\/#\/schema\/person\/038def007bc8dd159b347c0d9c63c056"},"headline":"Erasmus+ a Vitr\u00e9, Fran\u00e7a \ud83c\uddeb\ud83c\uddf7","datePublished":"2025-05-21T18:00:00+00:00","mainEntityOfPage":{"@id":"https:\/\/www.ciclesfp.cat\/ca\/2025\/05\/21\/erasmus-a-vitre-franca-%f0%9f%87%ab%f0%9f%87%b7\/"},"wordCount":112,"commentCount":0,"publisher":{"@id":"https:\/\/www.ciclesfp.cat\/ca\/#organization"},"image":{"@id":"https:\/\/www.ciclesfp.cat\/ca\/2025\/05\/21\/erasmus-a-vitre-franca-%f0%9f%87%ab%f0%9f%87%b7\/#primaryimage"},"thumbnailUrl":"https:\/\/www.ciclesfp.cat\/wp-content\/uploads\/2025\/05\/IMG_5907-Ana-Pilar-Gutierrez.jpg","articleSection":["CFGM","ERASMUS +"],"inLanguage":"ca","potentialAction":[{"@type":"CommentAction","name":"Comment","target":["https:\/\/www.ciclesfp.cat\/ca\/2025\/05\/21\/erasmus-a-vitre-franca-%f0%9f%87%ab%f0%9f%87%b7\/#respond"]}]},{"@type":"WebPage","@id":"https:\/\/www.ciclesfp.cat\/ca\/2025\/05\/21\/erasmus-a-vitre-franca-%f0%9f%87%ab%f0%9f%87%b7\/","url":"https:\/\/www.ciclesfp.cat\/ca\/2025\/05\/21\/erasmus-a-vitre-franca-%f0%9f%87%ab%f0%9f%87%b7\/","name":"Erasmus+ a Vitr\u00e9, Fran\u00e7a \ud83c\uddeb\ud83c\uddf7 - Institut Jaume Mim\u00f3 FP","isPartOf":{"@id":"https:\/\/www.ciclesfp.cat\/ca\/#website"},"primaryImageOfPage":{"@id":"https:\/\/www.ciclesfp.cat\/ca\/2025\/05\/21\/erasmus-a-vitre-franca-%f0%9f%87%ab%f0%9f%87%b7\/#primaryimage"},"image":{"@id":"https:\/\/www.ciclesfp.cat\/ca\/2025\/05\/21\/erasmus-a-vitre-franca-%f0%9f%87%ab%f0%9f%87%b7\/#primaryimage"},"thumbnailUrl":"https:\/\/www.ciclesfp.cat\/wp-content\/uploads\/2025\/05\/IMG_5907-Ana-Pilar-Gutierrez.jpg","datePublished":"2025-05-21T18:00:00+00:00","breadcrumb":{"@id":"https:\/\/www.ciclesfp.cat\/ca\/2025\/05\/21\/erasmus-a-vitre-franca-%f0%9f%87%ab%f0%9f%87%b7\/#breadcrumb"},"inLanguage":"ca","potentialAction":[{"@type":"ReadAction","target":["https:\/\/www.ciclesfp.cat\/ca\/2025\/05\/21\/erasmus-a-vitre-franca-%f0%9f%87%ab%f0%9f%87%b7\/"]}]},{"@type":"ImageObject","inLanguage":"ca","@id":"https:\/\/www.ciclesfp.cat\/ca\/2025\/05\/21\/erasmus-a-vitre-franca-%f0%9f%87%ab%f0%9f%87%b7\/#primaryimage","url":"https:\/\/www.ciclesfp.cat\/wp-content\/uploads\/2025\/05\/IMG_5907-Ana-Pilar-Gutierrez.jpg","contentUrl":"https:\/\/www.ciclesfp.cat\/wp-content\/uploads\/2025\/05\/IMG_5907-Ana-Pilar-Gutierrez.jpg","width":2016,"height":1512},{"@type":"BreadcrumbList","@id":"https:\/\/www.ciclesfp.cat\/ca\/2025\/05\/21\/erasmus-a-vitre-franca-%f0%9f%87%ab%f0%9f%87%b7\/#breadcrumb","itemListElement":[{"@type":"ListItem","position":1,"name":"Inici","item":"https:\/\/www.ciclesfp.cat\/ca\/"},{"@type":"ListItem","position":2,"name":"Erasmus+ a Vitr\u00e9, Fran\u00e7a \ud83c\uddeb\ud83c\uddf7"}]},{"@type":"WebSite","@id":"https:\/\/www.ciclesfp.cat\/ca\/#website","url":"https:\/\/www.ciclesfp.cat\/ca\/","name":"Institut Jaume Mim\u00f3 FP","description":"Pensa. Actua. Transforma.","publisher":{"@id":"https:\/\/www.ciclesfp.cat\/ca\/#organization"},"potentialAction":[{"@type":"SearchAction","target":{"@type":"EntryPoint","urlTemplate":"https:\/\/www.ciclesfp.cat\/ca\/?s={search_term_string}"},"query-input":{"@type":"PropertyValueSpecification","valueRequired":true,"valueName":"search_term_string"}}],"inLanguage":"ca"},{"@type":"Organization","@id":"https:\/\/www.ciclesfp.cat\/ca\/#organization","name":"INS Jaume Mim\u00f3","url":"https:\/\/www.ciclesfp.cat\/ca\/","logo":{"@type":"ImageObject","inLanguage":"ca","@id":"https:\/\/www.ciclesfp.cat\/ca\/#\/schema\/logo\/image\/","url":"https:\/\/www.ciclesfp.cat\/wp-content\/uploads\/2019\/12\/logotip_del_centre-623x1024.png","contentUrl":"https:\/\/www.ciclesfp.cat\/wp-content\/uploads\/2019\/12\/logotip_del_centre-623x1024.png","width":623,"height":1024,"caption":"INS Jaume Mim\u00f3"},"image":{"@id":"https:\/\/www.ciclesfp.cat\/ca\/#\/schema\/logo\/image\/"},"sameAs":["https:\/\/x.com\/insjaumemimo","https:\/\/www.instagram.com\/insjaumemimo\/","https:\/\/www.youtube.com\/channel\/UCOAhr11cd5pTqhuKCUnPrCQ\/feed?view_as=public"]},{"@type":"Person","@id":"https:\/\/www.ciclesfp.cat\/ca\/#\/schema\/person\/038def007bc8dd159b347c0d9c63c056","name":"insjaumemimo","image":{"@type":"ImageObject","inLanguage":"ca","@id":"https:\/\/secure.gravatar.com\/avatar\/ee376169c99a1bcc7c076b3174ac89870a1374fc1f94350cf8c8d204ed606ad0?s=96&d=mm&r=g","url":"https:\/\/secure.gravatar.com\/avatar\/ee376169c99a1bcc7c076b3174ac89870a1374fc1f94350cf8c8d204ed606ad0?s=96&d=mm&r=g","contentUrl":"https:\/\/secure.gravatar.com\/avatar\/ee376169c99a1bcc7c076b3174ac89870a1374fc1f94350cf8c8d204ed606ad0?s=96&d=mm&r=g","caption":"insjaumemimo"},"url":"https:\/\/www.ciclesfp.cat\/ca\/author\/insjaumemimo\/"}]}},"_links":{"self":[{"href":"https:\/\/www.ciclesfp.cat\/ca\/wp-json\/wp\/v2\/posts\/8655","targetHints":{"allow":["GET"]}}],"collection":[{"href":"https:\/\/www.ciclesfp.cat\/ca\/wp-json\/wp\/v2\/posts"}],"about":[{"href":"https:\/\/www.ciclesfp.cat\/ca\/wp-json\/wp\/v2\/types\/post"}],"author":[{"embeddable":true,"href":"https:\/\/www.ciclesfp.cat\/ca\/wp-json\/wp\/v2\/users\/1"}],"replies":[{"embeddable":true,"href":"https:\/\/www.ciclesfp.cat\/ca\/wp-json\/wp\/v2\/comments?post=8655"}],"version-history":[{"count":1,"href":"https:\/\/www.ciclesfp.cat\/ca\/wp-json\/wp\/v2\/posts\/8655\/revisions"}],"predecessor-version":[{"id":8662,"href":"https:\/\/www.ciclesfp.cat\/ca\/wp-json\/wp\/v2\/posts\/8655\/revisions\/8662"}],"wp:featuredmedia":[{"embeddable":true,"href":"https:\/\/www.ciclesfp.cat\/ca\/wp-json\/wp\/v2\/media\/8660"}],"wp:attachment":[{"href":"https:\/\/www.ciclesfp.cat\/ca\/wp-json\/wp\/v2\/media?parent=8655"}],"wp:term":[{"taxonomy":"category","embeddable":true,"href":"https:\/\/www.ciclesfp.cat\/ca\/wp-json\/wp\/v2\/categories?post=8655"},{"taxonomy":"post_tag","embeddable":true,"href":"https:\/\/www.ciclesfp.cat\/ca\/wp-json\/wp\/v2\/tags?post=8655"}],"curies":[{"name":"wp","href":"https:\/\/api.w.org\/{rel}","templated":true}]}}