{"id":8635,"date":"2025-05-20T21:00:00","date_gmt":"2025-05-20T19:00:00","guid":{"rendered":"https:\/\/www.ciclesfp.cat\/?p=8635"},"modified":"2025-05-18T19:36:25","modified_gmt":"2025-05-18T17:36:25","slug":"sortida-cfgs-construccions-metalliques-a-la-mola-%e2%9b%b0%ef%b8%8f","status":"publish","type":"post","link":"https:\/\/www.ciclesfp.cat\/ca\/2025\/05\/20\/sortida-cfgs-construccions-metalliques-a-la-mola-%e2%9b%b0%ef%b8%8f\/","title":{"rendered":"Sortida CFGS Construccions Met\u00e0l\u00b7liques a La Mola \u26f0\ufe0f"},"content":{"rendered":"\n<p>El passat abril els i les alumnes del CFGS de Construccions met\u00e0l\u00b7liques vam portar l&#8217;aprenentatge al m\u00e9s alt nivell. Vam pujar a La Mola, el cim del Vall\u00e8s Occidental en una sortida de tutoria en la qual van haver de pujar els 400 metres de desnivell positiu des del p\u00e0rquing del Cavall Bernat. Una tarda en la qual ens va acompanyar un temps fant\u00e0stic i vam poder compartir una estona a la natura fora de l&#8217;Institut Jaume Mim\u00f3. Anar a gaudir la natura que ens envolta tamb\u00e9 \u00e9s una forma d&#8217;aprendre i si li sumem l&#8217;esfor\u00e7 necessari, tamb\u00e9 l&#8217;alineem amb les capacitats necess\u00e0ries per arribar a ser un bon professional del que vulguin esdevenir.<\/p>\n\n\n\n<div style=\"height:24px\" aria-hidden=\"true\" class=\"wp-block-spacer\"><\/div>\n\n\n\n<figure class=\"wp-block-gallery has-nested-images columns-default is-cropped wp-block-gallery-1 is-layout-flex wp-block-gallery-is-layout-flex\">\n<figure class=\"wp-block-image size-large\"><img fetchpriority=\"high\" decoding=\"async\" width=\"768\" height=\"1024\" data-id=\"8636\" src=\"https:\/\/www.ciclesfp.cat\/wp-content\/uploads\/2025\/05\/WhatsApp-Image-2025-04-08-at-11.23.36-768x1024.jpeg\" alt=\"\" class=\"wp-image-8636\" srcset=\"https:\/\/www.ciclesfp.cat\/wp-content\/uploads\/2025\/05\/WhatsApp-Image-2025-04-08-at-11.23.36-768x1024.jpeg 768w, https:\/\/www.ciclesfp.cat\/wp-content\/uploads\/2025\/05\/WhatsApp-Image-2025-04-08-at-11.23.36-225x300.jpeg 225w, https:\/\/www.ciclesfp.cat\/wp-content\/uploads\/2025\/05\/WhatsApp-Image-2025-04-08-at-11.23.36-1152x1536.jpeg 1152w, https:\/\/www.ciclesfp.cat\/wp-content\/uploads\/2025\/05\/WhatsApp-Image-2025-04-08-at-11.23.36-600x800.jpeg 600w, https:\/\/www.ciclesfp.cat\/wp-content\/uploads\/2025\/05\/WhatsApp-Image-2025-04-08-at-11.23.36-700x933.jpeg 700w, https:\/\/www.ciclesfp.cat\/wp-content\/uploads\/2025\/05\/WhatsApp-Image-2025-04-08-at-11.23.36.jpeg 1530w\" sizes=\"(max-width: 768px) 100vw, 768px\" \/><\/figure>\n\n\n\n<figure class=\"wp-block-image size-large\"><img decoding=\"async\" width=\"768\" height=\"1024\" data-id=\"8638\" src=\"https:\/\/www.ciclesfp.cat\/wp-content\/uploads\/2025\/05\/WhatsApp-Image-2025-04-08-at-11.23.361-768x1024.jpeg\" alt=\"\" class=\"wp-image-8638\" srcset=\"https:\/\/www.ciclesfp.cat\/wp-content\/uploads\/2025\/05\/WhatsApp-Image-2025-04-08-at-11.23.361-768x1024.jpeg 768w, https:\/\/www.ciclesfp.cat\/wp-content\/uploads\/2025\/05\/WhatsApp-Image-2025-04-08-at-11.23.361-225x300.jpeg 225w, https:\/\/www.ciclesfp.cat\/wp-content\/uploads\/2025\/05\/WhatsApp-Image-2025-04-08-at-11.23.361-1152x1536.jpeg 1152w, https:\/\/www.ciclesfp.cat\/wp-content\/uploads\/2025\/05\/WhatsApp-Image-2025-04-08-at-11.23.361-600x800.jpeg 600w, https:\/\/www.ciclesfp.cat\/wp-content\/uploads\/2025\/05\/WhatsApp-Image-2025-04-08-at-11.23.361-700x933.jpeg 700w, https:\/\/www.ciclesfp.cat\/wp-content\/uploads\/2025\/05\/WhatsApp-Image-2025-04-08-at-11.23.361.jpeg 1530w\" sizes=\"(max-width: 768px) 100vw, 768px\" \/><\/figure>\n\n\n\n<figure class=\"wp-block-image size-large\"><img decoding=\"async\" width=\"768\" height=\"1024\" data-id=\"8640\" src=\"https:\/\/www.ciclesfp.cat\/wp-content\/uploads\/2025\/05\/WhatsApp-Image-2025-04-08-at-11.23.362-768x1024.jpeg\" alt=\"\" class=\"wp-image-8640\" srcset=\"https:\/\/www.ciclesfp.cat\/wp-content\/uploads\/2025\/05\/WhatsApp-Image-2025-04-08-at-11.23.362-768x1024.jpeg 768w, https:\/\/www.ciclesfp.cat\/wp-content\/uploads\/2025\/05\/WhatsApp-Image-2025-04-08-at-11.23.362-225x300.jpeg 225w, https:\/\/www.ciclesfp.cat\/wp-content\/uploads\/2025\/05\/WhatsApp-Image-2025-04-08-at-11.23.362-1152x1536.jpeg 1152w, https:\/\/www.ciclesfp.cat\/wp-content\/uploads\/2025\/05\/WhatsApp-Image-2025-04-08-at-11.23.362-600x800.jpeg 600w, https:\/\/www.ciclesfp.cat\/wp-content\/uploads\/2025\/05\/WhatsApp-Image-2025-04-08-at-11.23.362-700x933.jpeg 700w, https:\/\/www.ciclesfp.cat\/wp-content\/uploads\/2025\/05\/WhatsApp-Image-2025-04-08-at-11.23.362.jpeg 1530w\" sizes=\"(max-width: 768px) 100vw, 768px\" \/><\/figure>\n\n\n\n<figure class=\"wp-block-image size-large\"><img loading=\"lazy\" decoding=\"async\" width=\"768\" height=\"1024\" data-id=\"8646\" src=\"https:\/\/www.ciclesfp.cat\/wp-content\/uploads\/2025\/05\/WhatsApp-Image-2025-04-08-at-11.23.38-768x1024.jpeg\" alt=\"\" class=\"wp-image-8646\" srcset=\"https:\/\/www.ciclesfp.cat\/wp-content\/uploads\/2025\/05\/WhatsApp-Image-2025-04-08-at-11.23.38-768x1024.jpeg 768w, https:\/\/www.ciclesfp.cat\/wp-content\/uploads\/2025\/05\/WhatsApp-Image-2025-04-08-at-11.23.38-225x300.jpeg 225w, https:\/\/www.ciclesfp.cat\/wp-content\/uploads\/2025\/05\/WhatsApp-Image-2025-04-08-at-11.23.38-1152x1536.jpeg 1152w, https:\/\/www.ciclesfp.cat\/wp-content\/uploads\/2025\/05\/WhatsApp-Image-2025-04-08-at-11.23.38-600x800.jpeg 600w, https:\/\/www.ciclesfp.cat\/wp-content\/uploads\/2025\/05\/WhatsApp-Image-2025-04-08-at-11.23.38-700x933.jpeg 700w, https:\/\/www.ciclesfp.cat\/wp-content\/uploads\/2025\/05\/WhatsApp-Image-2025-04-08-at-11.23.38.jpeg 1530w\" sizes=\"(max-width: 768px) 100vw, 768px\" \/><\/figure>\n\n\n\n<figure class=\"wp-block-image size-large\"><img loading=\"lazy\" decoding=\"async\" width=\"768\" height=\"1024\" data-id=\"8644\" src=\"https:\/\/www.ciclesfp.cat\/wp-content\/uploads\/2025\/05\/WhatsApp-Image-2025-04-08-at-11.23.372-768x1024.jpeg\" alt=\"\" class=\"wp-image-8644\" srcset=\"https:\/\/www.ciclesfp.cat\/wp-content\/uploads\/2025\/05\/WhatsApp-Image-2025-04-08-at-11.23.372-768x1024.jpeg 768w, https:\/\/www.ciclesfp.cat\/wp-content\/uploads\/2025\/05\/WhatsApp-Image-2025-04-08-at-11.23.372-225x300.jpeg 225w, https:\/\/www.ciclesfp.cat\/wp-content\/uploads\/2025\/05\/WhatsApp-Image-2025-04-08-at-11.23.372-1152x1536.jpeg 1152w, https:\/\/www.ciclesfp.cat\/wp-content\/uploads\/2025\/05\/WhatsApp-Image-2025-04-08-at-11.23.372-600x800.jpeg 600w, https:\/\/www.ciclesfp.cat\/wp-content\/uploads\/2025\/05\/WhatsApp-Image-2025-04-08-at-11.23.372-700x933.jpeg 700w, https:\/\/www.ciclesfp.cat\/wp-content\/uploads\/2025\/05\/WhatsApp-Image-2025-04-08-at-11.23.372.jpeg 1530w\" sizes=\"(max-width: 768px) 100vw, 768px\" \/><\/figure>\n\n\n\n<figure class=\"wp-block-image size-large\"><img loading=\"lazy\" decoding=\"async\" width=\"768\" height=\"1024\" data-id=\"8648\" src=\"https:\/\/www.ciclesfp.cat\/wp-content\/uploads\/2025\/05\/WhatsApp-Image-2025-04-08-at-11.23.371-768x1024.jpeg\" alt=\"\" class=\"wp-image-8648\" srcset=\"https:\/\/www.ciclesfp.cat\/wp-content\/uploads\/2025\/05\/WhatsApp-Image-2025-04-08-at-11.23.371-768x1024.jpeg 768w, https:\/\/www.ciclesfp.cat\/wp-content\/uploads\/2025\/05\/WhatsApp-Image-2025-04-08-at-11.23.371-225x300.jpeg 225w, https:\/\/www.ciclesfp.cat\/wp-content\/uploads\/2025\/05\/WhatsApp-Image-2025-04-08-at-11.23.371-1152x1536.jpeg 1152w, https:\/\/www.ciclesfp.cat\/wp-content\/uploads\/2025\/05\/WhatsApp-Image-2025-04-08-at-11.23.371-600x800.jpeg 600w, https:\/\/www.ciclesfp.cat\/wp-content\/uploads\/2025\/05\/WhatsApp-Image-2025-04-08-at-11.23.371-700x933.jpeg 700w, https:\/\/www.ciclesfp.cat\/wp-content\/uploads\/2025\/05\/WhatsApp-Image-2025-04-08-at-11.23.371.jpeg 1530w\" sizes=\"(max-width: 768px) 100vw, 768px\" \/><\/figure>\n<\/figure>\n\n\n\n<div style=\"height:24px\" aria-hidden=\"true\" class=\"wp-block-spacer\"><\/div>\n\n\n\n<figure class=\"wp-block-gallery has-nested-images columns-default is-cropped wp-block-gallery-2 is-layout-flex wp-block-gallery-is-layout-flex\">\n<figure class=\"wp-block-image size-large\"><img loading=\"lazy\" decoding=\"async\" width=\"1024\" height=\"576\" data-id=\"8652\" src=\"https:\/\/www.ciclesfp.cat\/wp-content\/uploads\/2025\/05\/IMG_9786-Victor-Lanchazo-Folch-2-1024x576.jpeg\" alt=\"\" class=\"wp-image-8652\" srcset=\"https:\/\/www.ciclesfp.cat\/wp-content\/uploads\/2025\/05\/IMG_9786-Victor-Lanchazo-Folch-2-1024x576.jpeg 1024w, https:\/\/www.ciclesfp.cat\/wp-content\/uploads\/2025\/05\/IMG_9786-Victor-Lanchazo-Folch-2-300x169.jpeg 300w, https:\/\/www.ciclesfp.cat\/wp-content\/uploads\/2025\/05\/IMG_9786-Victor-Lanchazo-Folch-2-768x432.jpeg 768w, https:\/\/www.ciclesfp.cat\/wp-content\/uploads\/2025\/05\/IMG_9786-Victor-Lanchazo-Folch-2-1536x864.jpeg 1536w, https:\/\/www.ciclesfp.cat\/wp-content\/uploads\/2025\/05\/IMG_9786-Victor-Lanchazo-Folch-2-2048x1152.jpeg 2048w, https:\/\/www.ciclesfp.cat\/wp-content\/uploads\/2025\/05\/IMG_9786-Victor-Lanchazo-Folch-2-700x394.jpeg 700w, https:\/\/www.ciclesfp.cat\/wp-content\/uploads\/2025\/05\/IMG_9786-Victor-Lanchazo-Folch-2-539x303.jpeg 539w\" sizes=\"(max-width: 1024px) 100vw, 1024px\" \/><\/figure>\n<\/figure>\n","protected":false},"excerpt":{"rendered":"<p>El passat abril els i les alumnes del CFGS de Construccions met\u00e0l\u00b7liques vam portar l&#8217;aprenentatge al m\u00e9s alt nivell. Vam pujar a La Mola, el cim del Vall\u00e8s Occidental en una sortida de tutoria en la qual van haver de pujar els 400 metres de desnivell positiu des del p\u00e0rquing del Cavall Bernat. Una tarda en la qual ens va&#8230;<\/p>\n","protected":false},"author":1,"featured_media":8652,"comment_status":"open","ping_status":"open","sticky":false,"template":"","format":"standard","meta":{"footnotes":""},"categories":[9],"tags":[],"class_list":["post-8635","post","type-post","status-publish","format-standard","has-post-thumbnail","hentry","category-cfgs"],"yoast_head":"<!-- This site is optimized with the Yoast SEO plugin v27.5 - https:\/\/yoast.com\/product\/yoast-seo-wordpress\/ -->\n<title>Sortida CFGS Construccions Met\u00e0l\u00b7liques a La Mola \u26f0\ufe0f - Institut Jaume Mim\u00f3 FP<\/title>\n<meta name=\"robots\" content=\"index, follow, max-snippet:-1, max-image-preview:large, max-video-preview:-1\" \/>\n<link rel=\"canonical\" href=\"https:\/\/www.ciclesfp.cat\/ca\/2025\/05\/20\/sortida-cfgs-construccions-metalliques-a-la-mola-%e2%9b%b0%ef%b8%8f\/\" \/>\n<meta property=\"og:locale\" content=\"ca_ES\" \/>\n<meta property=\"og:type\" content=\"article\" \/>\n<meta property=\"og:title\" content=\"Sortida CFGS Construccions Met\u00e0l\u00b7liques a La Mola \u26f0\ufe0f - Institut Jaume Mim\u00f3 FP\" \/>\n<meta property=\"og:description\" content=\"El passat abril els i les alumnes del CFGS de Construccions met\u00e0l\u00b7liques vam portar l&#8217;aprenentatge al m\u00e9s alt nivell. Vam pujar a La Mola, el cim del Vall\u00e8s Occidental en una sortida de tutoria en la qual van haver de pujar els 400 metres de desnivell positiu des del p\u00e0rquing del Cavall Bernat. Una tarda en la qual ens va...\" \/>\n<meta property=\"og:url\" content=\"https:\/\/www.ciclesfp.cat\/ca\/2025\/05\/20\/sortida-cfgs-construccions-metalliques-a-la-mola-%e2%9b%b0%ef%b8%8f\/\" \/>\n<meta property=\"og:site_name\" content=\"Institut Jaume Mim\u00f3 FP\" \/>\n<meta property=\"article:published_time\" content=\"2025-05-20T19:00:00+00:00\" \/>\n<meta property=\"og:image\" content=\"https:\/\/www.ciclesfp.cat\/wp-content\/uploads\/2025\/05\/IMG_9786-Victor-Lanchazo-Folch-2-scaled.jpeg\" \/>\n\t<meta property=\"og:image:width\" content=\"2560\" \/>\n\t<meta property=\"og:image:height\" content=\"1440\" \/>\n\t<meta property=\"og:image:type\" content=\"image\/jpeg\" \/>\n<meta name=\"author\" content=\"insjaumemimo\" \/>\n<meta name=\"twitter:card\" content=\"summary_large_image\" \/>\n<meta name=\"twitter:creator\" content=\"@insjaumemimo\" \/>\n<meta name=\"twitter:site\" content=\"@insjaumemimo\" \/>\n<meta name=\"twitter:label1\" content=\"Escrit per\" \/>\n\t<meta name=\"twitter:data1\" content=\"insjaumemimo\" \/>\n\t<meta name=\"twitter:label2\" content=\"Temps estimat de lectura\" \/>\n\t<meta name=\"twitter:data2\" content=\"3 minuts\" \/>\n<script type=\"application\/ld+json\" class=\"yoast-schema-graph\">{\"@context\":\"https:\\\/\\\/schema.org\",\"@graph\":[{\"@type\":\"Article\",\"@id\":\"https:\\\/\\\/www.ciclesfp.cat\\\/ca\\\/2025\\\/05\\\/20\\\/sortida-cfgs-construccions-metalliques-a-la-mola-%e2%9b%b0%ef%b8%8f\\\/#article\",\"isPartOf\":{\"@id\":\"https:\\\/\\\/www.ciclesfp.cat\\\/ca\\\/2025\\\/05\\\/20\\\/sortida-cfgs-construccions-metalliques-a-la-mola-%e2%9b%b0%ef%b8%8f\\\/\"},\"author\":{\"name\":\"insjaumemimo\",\"@id\":\"https:\\\/\\\/www.ciclesfp.cat\\\/ca\\\/#\\\/schema\\\/person\\\/038def007bc8dd159b347c0d9c63c056\"},\"headline\":\"Sortida CFGS Construccions Met\u00e0l\u00b7liques a La Mola \u26f0\ufe0f\",\"datePublished\":\"2025-05-20T19:00:00+00:00\",\"mainEntityOfPage\":{\"@id\":\"https:\\\/\\\/www.ciclesfp.cat\\\/ca\\\/2025\\\/05\\\/20\\\/sortida-cfgs-construccions-metalliques-a-la-mola-%e2%9b%b0%ef%b8%8f\\\/\"},\"wordCount\":129,\"commentCount\":0,\"publisher\":{\"@id\":\"https:\\\/\\\/www.ciclesfp.cat\\\/ca\\\/#organization\"},\"image\":{\"@id\":\"https:\\\/\\\/www.ciclesfp.cat\\\/ca\\\/2025\\\/05\\\/20\\\/sortida-cfgs-construccions-metalliques-a-la-mola-%e2%9b%b0%ef%b8%8f\\\/#primaryimage\"},\"thumbnailUrl\":\"https:\\\/\\\/www.ciclesfp.cat\\\/wp-content\\\/uploads\\\/2025\\\/05\\\/IMG_9786-Victor-Lanchazo-Folch-2-scaled.jpeg\",\"articleSection\":[\"CFGS\"],\"inLanguage\":\"ca\",\"potentialAction\":[{\"@type\":\"CommentAction\",\"name\":\"Comment\",\"target\":[\"https:\\\/\\\/www.ciclesfp.cat\\\/ca\\\/2025\\\/05\\\/20\\\/sortida-cfgs-construccions-metalliques-a-la-mola-%e2%9b%b0%ef%b8%8f\\\/#respond\"]}]},{\"@type\":\"WebPage\",\"@id\":\"https:\\\/\\\/www.ciclesfp.cat\\\/ca\\\/2025\\\/05\\\/20\\\/sortida-cfgs-construccions-metalliques-a-la-mola-%e2%9b%b0%ef%b8%8f\\\/\",\"url\":\"https:\\\/\\\/www.ciclesfp.cat\\\/ca\\\/2025\\\/05\\\/20\\\/sortida-cfgs-construccions-metalliques-a-la-mola-%e2%9b%b0%ef%b8%8f\\\/\",\"name\":\"Sortida CFGS Construccions Met\u00e0l\u00b7liques a La Mola \u26f0\ufe0f - Institut Jaume Mim\u00f3 FP\",\"isPartOf\":{\"@id\":\"https:\\\/\\\/www.ciclesfp.cat\\\/ca\\\/#website\"},\"primaryImageOfPage\":{\"@id\":\"https:\\\/\\\/www.ciclesfp.cat\\\/ca\\\/2025\\\/05\\\/20\\\/sortida-cfgs-construccions-metalliques-a-la-mola-%e2%9b%b0%ef%b8%8f\\\/#primaryimage\"},\"image\":{\"@id\":\"https:\\\/\\\/www.ciclesfp.cat\\\/ca\\\/2025\\\/05\\\/20\\\/sortida-cfgs-construccions-metalliques-a-la-mola-%e2%9b%b0%ef%b8%8f\\\/#primaryimage\"},\"thumbnailUrl\":\"https:\\\/\\\/www.ciclesfp.cat\\\/wp-content\\\/uploads\\\/2025\\\/05\\\/IMG_9786-Victor-Lanchazo-Folch-2-scaled.jpeg\",\"datePublished\":\"2025-05-20T19:00:00+00:00\",\"breadcrumb\":{\"@id\":\"https:\\\/\\\/www.ciclesfp.cat\\\/ca\\\/2025\\\/05\\\/20\\\/sortida-cfgs-construccions-metalliques-a-la-mola-%e2%9b%b0%ef%b8%8f\\\/#breadcrumb\"},\"inLanguage\":\"ca\",\"potentialAction\":[{\"@type\":\"ReadAction\",\"target\":[\"https:\\\/\\\/www.ciclesfp.cat\\\/ca\\\/2025\\\/05\\\/20\\\/sortida-cfgs-construccions-metalliques-a-la-mola-%e2%9b%b0%ef%b8%8f\\\/\"]}]},{\"@type\":\"ImageObject\",\"inLanguage\":\"ca\",\"@id\":\"https:\\\/\\\/www.ciclesfp.cat\\\/ca\\\/2025\\\/05\\\/20\\\/sortida-cfgs-construccions-metalliques-a-la-mola-%e2%9b%b0%ef%b8%8f\\\/#primaryimage\",\"url\":\"https:\\\/\\\/www.ciclesfp.cat\\\/wp-content\\\/uploads\\\/2025\\\/05\\\/IMG_9786-Victor-Lanchazo-Folch-2-scaled.jpeg\",\"contentUrl\":\"https:\\\/\\\/www.ciclesfp.cat\\\/wp-content\\\/uploads\\\/2025\\\/05\\\/IMG_9786-Victor-Lanchazo-Folch-2-scaled.jpeg\",\"width\":2560,\"height\":1440},{\"@type\":\"BreadcrumbList\",\"@id\":\"https:\\\/\\\/www.ciclesfp.cat\\\/ca\\\/2025\\\/05\\\/20\\\/sortida-cfgs-construccions-metalliques-a-la-mola-%e2%9b%b0%ef%b8%8f\\\/#breadcrumb\",\"itemListElement\":[{\"@type\":\"ListItem\",\"position\":1,\"name\":\"Inici\",\"item\":\"https:\\\/\\\/www.ciclesfp.cat\\\/ca\\\/\"},{\"@type\":\"ListItem\",\"position\":2,\"name\":\"Sortida CFGS Construccions Met\u00e0l\u00b7liques a La Mola \u26f0\ufe0f\"}]},{\"@type\":\"WebSite\",\"@id\":\"https:\\\/\\\/www.ciclesfp.cat\\\/ca\\\/#website\",\"url\":\"https:\\\/\\\/www.ciclesfp.cat\\\/ca\\\/\",\"name\":\"Institut Jaume Mim\u00f3 FP\",\"description\":\"Pensa. Actua. Transforma.\",\"publisher\":{\"@id\":\"https:\\\/\\\/www.ciclesfp.cat\\\/ca\\\/#organization\"},\"potentialAction\":[{\"@type\":\"SearchAction\",\"target\":{\"@type\":\"EntryPoint\",\"urlTemplate\":\"https:\\\/\\\/www.ciclesfp.cat\\\/ca\\\/?s={search_term_string}\"},\"query-input\":{\"@type\":\"PropertyValueSpecification\",\"valueRequired\":true,\"valueName\":\"search_term_string\"}}],\"inLanguage\":\"ca\"},{\"@type\":\"Organization\",\"@id\":\"https:\\\/\\\/www.ciclesfp.cat\\\/ca\\\/#organization\",\"name\":\"INS Jaume Mim\u00f3\",\"url\":\"https:\\\/\\\/www.ciclesfp.cat\\\/ca\\\/\",\"logo\":{\"@type\":\"ImageObject\",\"inLanguage\":\"ca\",\"@id\":\"https:\\\/\\\/www.ciclesfp.cat\\\/ca\\\/#\\\/schema\\\/logo\\\/image\\\/\",\"url\":\"https:\\\/\\\/www.ciclesfp.cat\\\/wp-content\\\/uploads\\\/2019\\\/12\\\/logotip_del_centre-623x1024.png\",\"contentUrl\":\"https:\\\/\\\/www.ciclesfp.cat\\\/wp-content\\\/uploads\\\/2019\\\/12\\\/logotip_del_centre-623x1024.png\",\"width\":623,\"height\":1024,\"caption\":\"INS Jaume Mim\u00f3\"},\"image\":{\"@id\":\"https:\\\/\\\/www.ciclesfp.cat\\\/ca\\\/#\\\/schema\\\/logo\\\/image\\\/\"},\"sameAs\":[\"https:\\\/\\\/x.com\\\/insjaumemimo\",\"https:\\\/\\\/www.instagram.com\\\/insjaumemimo\\\/\",\"https:\\\/\\\/www.youtube.com\\\/channel\\\/UCOAhr11cd5pTqhuKCUnPrCQ\\\/feed?view_as=public\"]},{\"@type\":\"Person\",\"@id\":\"https:\\\/\\\/www.ciclesfp.cat\\\/ca\\\/#\\\/schema\\\/person\\\/038def007bc8dd159b347c0d9c63c056\",\"name\":\"insjaumemimo\",\"image\":{\"@type\":\"ImageObject\",\"inLanguage\":\"ca\",\"@id\":\"https:\\\/\\\/secure.gravatar.com\\\/avatar\\\/ee376169c99a1bcc7c076b3174ac89870a1374fc1f94350cf8c8d204ed606ad0?s=96&d=mm&r=g\",\"url\":\"https:\\\/\\\/secure.gravatar.com\\\/avatar\\\/ee376169c99a1bcc7c076b3174ac89870a1374fc1f94350cf8c8d204ed606ad0?s=96&d=mm&r=g\",\"contentUrl\":\"https:\\\/\\\/secure.gravatar.com\\\/avatar\\\/ee376169c99a1bcc7c076b3174ac89870a1374fc1f94350cf8c8d204ed606ad0?s=96&d=mm&r=g\",\"caption\":\"insjaumemimo\"},\"url\":\"https:\\\/\\\/www.ciclesfp.cat\\\/ca\\\/author\\\/insjaumemimo\\\/\"}]}<\/script>\n<!-- \/ Yoast SEO plugin. -->","yoast_head_json":{"title":"Sortida CFGS Construccions Met\u00e0l\u00b7liques a La Mola \u26f0\ufe0f - Institut Jaume Mim\u00f3 FP","robots":{"index":"index","follow":"follow","max-snippet":"max-snippet:-1","max-image-preview":"max-image-preview:large","max-video-preview":"max-video-preview:-1"},"canonical":"https:\/\/www.ciclesfp.cat\/ca\/2025\/05\/20\/sortida-cfgs-construccions-metalliques-a-la-mola-%e2%9b%b0%ef%b8%8f\/","og_locale":"ca_ES","og_type":"article","og_title":"Sortida CFGS Construccions Met\u00e0l\u00b7liques a La Mola \u26f0\ufe0f - Institut Jaume Mim\u00f3 FP","og_description":"El passat abril els i les alumnes del CFGS de Construccions met\u00e0l\u00b7liques vam portar l&#8217;aprenentatge al m\u00e9s alt nivell. Vam pujar a La Mola, el cim del Vall\u00e8s Occidental en una sortida de tutoria en la qual van haver de pujar els 400 metres de desnivell positiu des del p\u00e0rquing del Cavall Bernat. Una tarda en la qual ens va...","og_url":"https:\/\/www.ciclesfp.cat\/ca\/2025\/05\/20\/sortida-cfgs-construccions-metalliques-a-la-mola-%e2%9b%b0%ef%b8%8f\/","og_site_name":"Institut Jaume Mim\u00f3 FP","article_published_time":"2025-05-20T19:00:00+00:00","og_image":[{"width":2560,"height":1440,"url":"https:\/\/www.ciclesfp.cat\/wp-content\/uploads\/2025\/05\/IMG_9786-Victor-Lanchazo-Folch-2-scaled.jpeg","type":"image\/jpeg"}],"author":"insjaumemimo","twitter_card":"summary_large_image","twitter_creator":"@insjaumemimo","twitter_site":"@insjaumemimo","twitter_misc":{"Escrit per":"insjaumemimo","Temps estimat de lectura":"3 minuts"},"schema":{"@context":"https:\/\/schema.org","@graph":[{"@type":"Article","@id":"https:\/\/www.ciclesfp.cat\/ca\/2025\/05\/20\/sortida-cfgs-construccions-metalliques-a-la-mola-%e2%9b%b0%ef%b8%8f\/#article","isPartOf":{"@id":"https:\/\/www.ciclesfp.cat\/ca\/2025\/05\/20\/sortida-cfgs-construccions-metalliques-a-la-mola-%e2%9b%b0%ef%b8%8f\/"},"author":{"name":"insjaumemimo","@id":"https:\/\/www.ciclesfp.cat\/ca\/#\/schema\/person\/038def007bc8dd159b347c0d9c63c056"},"headline":"Sortida CFGS Construccions Met\u00e0l\u00b7liques a La Mola \u26f0\ufe0f","datePublished":"2025-05-20T19:00:00+00:00","mainEntityOfPage":{"@id":"https:\/\/www.ciclesfp.cat\/ca\/2025\/05\/20\/sortida-cfgs-construccions-metalliques-a-la-mola-%e2%9b%b0%ef%b8%8f\/"},"wordCount":129,"commentCount":0,"publisher":{"@id":"https:\/\/www.ciclesfp.cat\/ca\/#organization"},"image":{"@id":"https:\/\/www.ciclesfp.cat\/ca\/2025\/05\/20\/sortida-cfgs-construccions-metalliques-a-la-mola-%e2%9b%b0%ef%b8%8f\/#primaryimage"},"thumbnailUrl":"https:\/\/www.ciclesfp.cat\/wp-content\/uploads\/2025\/05\/IMG_9786-Victor-Lanchazo-Folch-2-scaled.jpeg","articleSection":["CFGS"],"inLanguage":"ca","potentialAction":[{"@type":"CommentAction","name":"Comment","target":["https:\/\/www.ciclesfp.cat\/ca\/2025\/05\/20\/sortida-cfgs-construccions-metalliques-a-la-mola-%e2%9b%b0%ef%b8%8f\/#respond"]}]},{"@type":"WebPage","@id":"https:\/\/www.ciclesfp.cat\/ca\/2025\/05\/20\/sortida-cfgs-construccions-metalliques-a-la-mola-%e2%9b%b0%ef%b8%8f\/","url":"https:\/\/www.ciclesfp.cat\/ca\/2025\/05\/20\/sortida-cfgs-construccions-metalliques-a-la-mola-%e2%9b%b0%ef%b8%8f\/","name":"Sortida CFGS Construccions Met\u00e0l\u00b7liques a La Mola \u26f0\ufe0f - Institut Jaume Mim\u00f3 FP","isPartOf":{"@id":"https:\/\/www.ciclesfp.cat\/ca\/#website"},"primaryImageOfPage":{"@id":"https:\/\/www.ciclesfp.cat\/ca\/2025\/05\/20\/sortida-cfgs-construccions-metalliques-a-la-mola-%e2%9b%b0%ef%b8%8f\/#primaryimage"},"image":{"@id":"https:\/\/www.ciclesfp.cat\/ca\/2025\/05\/20\/sortida-cfgs-construccions-metalliques-a-la-mola-%e2%9b%b0%ef%b8%8f\/#primaryimage"},"thumbnailUrl":"https:\/\/www.ciclesfp.cat\/wp-content\/uploads\/2025\/05\/IMG_9786-Victor-Lanchazo-Folch-2-scaled.jpeg","datePublished":"2025-05-20T19:00:00+00:00","breadcrumb":{"@id":"https:\/\/www.ciclesfp.cat\/ca\/2025\/05\/20\/sortida-cfgs-construccions-metalliques-a-la-mola-%e2%9b%b0%ef%b8%8f\/#breadcrumb"},"inLanguage":"ca","potentialAction":[{"@type":"ReadAction","target":["https:\/\/www.ciclesfp.cat\/ca\/2025\/05\/20\/sortida-cfgs-construccions-metalliques-a-la-mola-%e2%9b%b0%ef%b8%8f\/"]}]},{"@type":"ImageObject","inLanguage":"ca","@id":"https:\/\/www.ciclesfp.cat\/ca\/2025\/05\/20\/sortida-cfgs-construccions-metalliques-a-la-mola-%e2%9b%b0%ef%b8%8f\/#primaryimage","url":"https:\/\/www.ciclesfp.cat\/wp-content\/uploads\/2025\/05\/IMG_9786-Victor-Lanchazo-Folch-2-scaled.jpeg","contentUrl":"https:\/\/www.ciclesfp.cat\/wp-content\/uploads\/2025\/05\/IMG_9786-Victor-Lanchazo-Folch-2-scaled.jpeg","width":2560,"height":1440},{"@type":"BreadcrumbList","@id":"https:\/\/www.ciclesfp.cat\/ca\/2025\/05\/20\/sortida-cfgs-construccions-metalliques-a-la-mola-%e2%9b%b0%ef%b8%8f\/#breadcrumb","itemListElement":[{"@type":"ListItem","position":1,"name":"Inici","item":"https:\/\/www.ciclesfp.cat\/ca\/"},{"@type":"ListItem","position":2,"name":"Sortida CFGS Construccions Met\u00e0l\u00b7liques a La Mola \u26f0\ufe0f"}]},{"@type":"WebSite","@id":"https:\/\/www.ciclesfp.cat\/ca\/#website","url":"https:\/\/www.ciclesfp.cat\/ca\/","name":"Institut Jaume Mim\u00f3 FP","description":"Pensa. Actua. Transforma.","publisher":{"@id":"https:\/\/www.ciclesfp.cat\/ca\/#organization"},"potentialAction":[{"@type":"SearchAction","target":{"@type":"EntryPoint","urlTemplate":"https:\/\/www.ciclesfp.cat\/ca\/?s={search_term_string}"},"query-input":{"@type":"PropertyValueSpecification","valueRequired":true,"valueName":"search_term_string"}}],"inLanguage":"ca"},{"@type":"Organization","@id":"https:\/\/www.ciclesfp.cat\/ca\/#organization","name":"INS Jaume Mim\u00f3","url":"https:\/\/www.ciclesfp.cat\/ca\/","logo":{"@type":"ImageObject","inLanguage":"ca","@id":"https:\/\/www.ciclesfp.cat\/ca\/#\/schema\/logo\/image\/","url":"https:\/\/www.ciclesfp.cat\/wp-content\/uploads\/2019\/12\/logotip_del_centre-623x1024.png","contentUrl":"https:\/\/www.ciclesfp.cat\/wp-content\/uploads\/2019\/12\/logotip_del_centre-623x1024.png","width":623,"height":1024,"caption":"INS Jaume Mim\u00f3"},"image":{"@id":"https:\/\/www.ciclesfp.cat\/ca\/#\/schema\/logo\/image\/"},"sameAs":["https:\/\/x.com\/insjaumemimo","https:\/\/www.instagram.com\/insjaumemimo\/","https:\/\/www.youtube.com\/channel\/UCOAhr11cd5pTqhuKCUnPrCQ\/feed?view_as=public"]},{"@type":"Person","@id":"https:\/\/www.ciclesfp.cat\/ca\/#\/schema\/person\/038def007bc8dd159b347c0d9c63c056","name":"insjaumemimo","image":{"@type":"ImageObject","inLanguage":"ca","@id":"https:\/\/secure.gravatar.com\/avatar\/ee376169c99a1bcc7c076b3174ac89870a1374fc1f94350cf8c8d204ed606ad0?s=96&d=mm&r=g","url":"https:\/\/secure.gravatar.com\/avatar\/ee376169c99a1bcc7c076b3174ac89870a1374fc1f94350cf8c8d204ed606ad0?s=96&d=mm&r=g","contentUrl":"https:\/\/secure.gravatar.com\/avatar\/ee376169c99a1bcc7c076b3174ac89870a1374fc1f94350cf8c8d204ed606ad0?s=96&d=mm&r=g","caption":"insjaumemimo"},"url":"https:\/\/www.ciclesfp.cat\/ca\/author\/insjaumemimo\/"}]}},"_links":{"self":[{"href":"https:\/\/www.ciclesfp.cat\/ca\/wp-json\/wp\/v2\/posts\/8635","targetHints":{"allow":["GET"]}}],"collection":[{"href":"https:\/\/www.ciclesfp.cat\/ca\/wp-json\/wp\/v2\/posts"}],"about":[{"href":"https:\/\/www.ciclesfp.cat\/ca\/wp-json\/wp\/v2\/types\/post"}],"author":[{"embeddable":true,"href":"https:\/\/www.ciclesfp.cat\/ca\/wp-json\/wp\/v2\/users\/1"}],"replies":[{"embeddable":true,"href":"https:\/\/www.ciclesfp.cat\/ca\/wp-json\/wp\/v2\/comments?post=8635"}],"version-history":[{"count":1,"href":"https:\/\/www.ciclesfp.cat\/ca\/wp-json\/wp\/v2\/posts\/8635\/revisions"}],"predecessor-version":[{"id":8654,"href":"https:\/\/www.ciclesfp.cat\/ca\/wp-json\/wp\/v2\/posts\/8635\/revisions\/8654"}],"wp:featuredmedia":[{"embeddable":true,"href":"https:\/\/www.ciclesfp.cat\/ca\/wp-json\/wp\/v2\/media\/8652"}],"wp:attachment":[{"href":"https:\/\/www.ciclesfp.cat\/ca\/wp-json\/wp\/v2\/media?parent=8635"}],"wp:term":[{"taxonomy":"category","embeddable":true,"href":"https:\/\/www.ciclesfp.cat\/ca\/wp-json\/wp\/v2\/categories?post=8635"},{"taxonomy":"post_tag","embeddable":true,"href":"https:\/\/www.ciclesfp.cat\/ca\/wp-json\/wp\/v2\/tags?post=8635"}],"curies":[{"name":"wp","href":"https:\/\/api.w.org\/{rel}","templated":true}]}}