{"id":8443,"date":"2025-01-10T19:14:26","date_gmt":"2025-01-10T17:14:26","guid":{"rendered":"https:\/\/www.ciclesfp.cat\/?p=8443"},"modified":"2025-01-17T11:37:45","modified_gmt":"2025-01-17T09:37:45","slug":"primera-ronda-del-concurs-doratoria-lultima-paraula","status":"publish","type":"post","link":"https:\/\/www.ciclesfp.cat\/ca\/2025\/01\/10\/primera-ronda-del-concurs-doratoria-lultima-paraula\/","title":{"rendered":"Primera ronda del concurs d&#8217;orat\u00f2ria L&#8217;\u00daltima Paraula"},"content":{"rendered":"\n<p>El passat 27 de novembre, l&#8217;alumnat de segon del CFGS de M\u00e0rqueting i Publicitat, Carla Mourelo, Alba Martinez, Alba G\u00f3mez i Laura Rodriguez, i primer del CFGS d&#8217;Administraci\u00f3 i Finances, Ariadna Jord\u00e0, Ona Pla, Andrea Rodr\u00edguez i Ibra Camara van participar en la primera ronda del concurs d&#8217;orat\u00f2ria\u00a0&#8220;L\u2019\u00daltima Paraula&#8221;, un esdeveniment que t\u00e9 com a objectiu fomentar les habilitats comunicatives dels estudiants d\u2019FP.<br><br>En aquesta ocasi\u00f3, van competir en la modalitat &#8220;Cara a cara&#8221;, defensant els seus arguments en un debat acad\u00e8mic sobre un tema d&#8217;actualitat: \u201c\u00das del m\u00f2bil als centres educatius: oportunitat o distracci\u00f3\u201d. La primera ronda es va celebrar en un entorn tant inspirador com emblem\u00e0tic: la Torre Gl\u00f2ries de Barcelona.<\/p>\n\n\n\n<div style=\"height:26px\" aria-hidden=\"true\" class=\"wp-block-spacer\"><\/div>\n\n\n\n<figure class=\"wp-block-gallery has-nested-images columns-default is-cropped wp-block-gallery-1 is-layout-flex wp-block-gallery-is-layout-flex\">\n<figure class=\"wp-block-image size-large\"><img fetchpriority=\"high\" decoding=\"async\" width=\"1024\" height=\"844\" data-id=\"8446\" src=\"https:\/\/www.ciclesfp.cat\/wp-content\/uploads\/2025\/01\/equip1-copy-1-1024x844.jpg\" alt=\"\" class=\"wp-image-8446\" srcset=\"https:\/\/www.ciclesfp.cat\/wp-content\/uploads\/2025\/01\/equip1-copy-1-1024x844.jpg 1024w, https:\/\/www.ciclesfp.cat\/wp-content\/uploads\/2025\/01\/equip1-copy-1-300x247.jpg 300w, https:\/\/www.ciclesfp.cat\/wp-content\/uploads\/2025\/01\/equip1-copy-1-768x633.jpg 768w, https:\/\/www.ciclesfp.cat\/wp-content\/uploads\/2025\/01\/equip1-copy-1-700x577.jpg 700w, https:\/\/www.ciclesfp.cat\/wp-content\/uploads\/2025\/01\/equip1-copy-1.jpg 1080w\" sizes=\"(max-width: 1024px) 100vw, 1024px\" \/><\/figure>\n\n\n\n<figure class=\"wp-block-image size-large\"><img decoding=\"async\" width=\"1024\" height=\"768\" data-id=\"8439\" src=\"https:\/\/www.ciclesfp.cat\/wp-content\/uploads\/2025\/01\/IMG_5390-JORGE-RAMOS-PELAEZ-2-1024x768.jpeg\" alt=\"\" class=\"wp-image-8439\" srcset=\"https:\/\/www.ciclesfp.cat\/wp-content\/uploads\/2025\/01\/IMG_5390-JORGE-RAMOS-PELAEZ-2-1024x768.jpeg 1024w, https:\/\/www.ciclesfp.cat\/wp-content\/uploads\/2025\/01\/IMG_5390-JORGE-RAMOS-PELAEZ-2-300x225.jpeg 300w, https:\/\/www.ciclesfp.cat\/wp-content\/uploads\/2025\/01\/IMG_5390-JORGE-RAMOS-PELAEZ-2-768x576.jpeg 768w, https:\/\/www.ciclesfp.cat\/wp-content\/uploads\/2025\/01\/IMG_5390-JORGE-RAMOS-PELAEZ-2-1536x1152.jpeg 1536w, https:\/\/www.ciclesfp.cat\/wp-content\/uploads\/2025\/01\/IMG_5390-JORGE-RAMOS-PELAEZ-2-2048x1536.jpeg 2048w, https:\/\/www.ciclesfp.cat\/wp-content\/uploads\/2025\/01\/IMG_5390-JORGE-RAMOS-PELAEZ-2-800x600.jpeg 800w, https:\/\/www.ciclesfp.cat\/wp-content\/uploads\/2025\/01\/IMG_5390-JORGE-RAMOS-PELAEZ-2-700x525.jpeg 700w\" sizes=\"(max-width: 1024px) 100vw, 1024px\" \/><\/figure>\n<\/figure>\n","protected":false},"excerpt":{"rendered":"<p>El passat 27 de novembre, l&#8217;alumnat de segon del CFGS de M\u00e0rqueting i Publicitat, Carla Mourelo, Alba Martinez, Alba G\u00f3mez i Laura Rodriguez, i primer del CFGS d&#8217;Administraci\u00f3 i Finances, Ariadna Jord\u00e0, Ona Pla, Andrea Rodr\u00edguez i Ibra Camara van participar en la primera ronda del concurs d&#8217;orat\u00f2ria\u00a0&#8220;L\u2019\u00daltima Paraula&#8221;, un esdeveniment que t\u00e9 com a objectiu fomentar les habilitats comunicatives&#8230;<\/p>\n","protected":false},"author":1,"featured_media":8446,"comment_status":"open","ping_status":"open","sticky":false,"template":"","format":"standard","meta":{"footnotes":""},"categories":[9],"tags":[],"class_list":["post-8443","post","type-post","status-publish","format-standard","has-post-thumbnail","hentry","category-cfgs"],"yoast_head":"<!-- This site is optimized with the Yoast SEO plugin v27.5 - https:\/\/yoast.com\/product\/yoast-seo-wordpress\/ -->\n<title>Primera ronda del concurs d&#039;orat\u00f2ria L&#039;\u00daltima Paraula - Institut Jaume Mim\u00f3 FP<\/title>\n<meta name=\"robots\" content=\"index, follow, max-snippet:-1, max-image-preview:large, max-video-preview:-1\" \/>\n<link rel=\"canonical\" href=\"https:\/\/www.ciclesfp.cat\/ca\/2025\/01\/10\/primera-ronda-del-concurs-doratoria-lultima-paraula\/\" \/>\n<meta property=\"og:locale\" content=\"ca_ES\" \/>\n<meta property=\"og:type\" content=\"article\" \/>\n<meta property=\"og:title\" content=\"Primera ronda del concurs d&#039;orat\u00f2ria L&#039;\u00daltima Paraula - Institut Jaume Mim\u00f3 FP\" \/>\n<meta property=\"og:description\" content=\"El passat 27 de novembre, l&#8217;alumnat de segon del CFGS de M\u00e0rqueting i Publicitat, Carla Mourelo, Alba Martinez, Alba G\u00f3mez i Laura Rodriguez, i primer del CFGS d&#8217;Administraci\u00f3 i Finances, Ariadna Jord\u00e0, Ona Pla, Andrea Rodr\u00edguez i Ibra Camara van participar en la primera ronda del concurs d&#8217;orat\u00f2ria\u00a0&#8220;L\u2019\u00daltima Paraula&#8221;, un esdeveniment que t\u00e9 com a objectiu fomentar les habilitats comunicatives...\" \/>\n<meta property=\"og:url\" content=\"https:\/\/www.ciclesfp.cat\/ca\/2025\/01\/10\/primera-ronda-del-concurs-doratoria-lultima-paraula\/\" \/>\n<meta property=\"og:site_name\" content=\"Institut Jaume Mim\u00f3 FP\" \/>\n<meta property=\"article:published_time\" content=\"2025-01-10T17:14:26+00:00\" \/>\n<meta property=\"article:modified_time\" content=\"2025-01-17T09:37:45+00:00\" \/>\n<meta property=\"og:image\" content=\"https:\/\/www.ciclesfp.cat\/wp-content\/uploads\/2025\/01\/IMG_5390-JORGE-RAMOS-PELAEZ-2-scaled.jpeg\" \/>\n\t<meta property=\"og:image:width\" content=\"2560\" \/>\n\t<meta property=\"og:image:height\" content=\"1920\" \/>\n\t<meta property=\"og:image:type\" content=\"image\/jpeg\" \/>\n<meta name=\"author\" content=\"insjaumemimo\" \/>\n<meta name=\"twitter:card\" content=\"summary_large_image\" \/>\n<meta name=\"twitter:creator\" content=\"@insjaumemimo\" \/>\n<meta name=\"twitter:site\" content=\"@insjaumemimo\" \/>\n<meta name=\"twitter:label1\" content=\"Escrit per\" \/>\n\t<meta name=\"twitter:data1\" content=\"insjaumemimo\" \/>\n\t<meta name=\"twitter:label2\" content=\"Temps estimat de lectura\" \/>\n\t<meta name=\"twitter:data2\" content=\"1 minut\" \/>\n<script type=\"application\/ld+json\" class=\"yoast-schema-graph\">{\"@context\":\"https:\\\/\\\/schema.org\",\"@graph\":[{\"@type\":\"Article\",\"@id\":\"https:\\\/\\\/www.ciclesfp.cat\\\/ca\\\/2025\\\/01\\\/10\\\/primera-ronda-del-concurs-doratoria-lultima-paraula\\\/#article\",\"isPartOf\":{\"@id\":\"https:\\\/\\\/www.ciclesfp.cat\\\/ca\\\/2025\\\/01\\\/10\\\/primera-ronda-del-concurs-doratoria-lultima-paraula\\\/\"},\"author\":{\"name\":\"insjaumemimo\",\"@id\":\"https:\\\/\\\/www.ciclesfp.cat\\\/ca\\\/#\\\/schema\\\/person\\\/038def007bc8dd159b347c0d9c63c056\"},\"headline\":\"Primera ronda del concurs d&#8217;orat\u00f2ria L&#8217;\u00daltima Paraula\",\"datePublished\":\"2025-01-10T17:14:26+00:00\",\"dateModified\":\"2025-01-17T09:37:45+00:00\",\"mainEntityOfPage\":{\"@id\":\"https:\\\/\\\/www.ciclesfp.cat\\\/ca\\\/2025\\\/01\\\/10\\\/primera-ronda-del-concurs-doratoria-lultima-paraula\\\/\"},\"wordCount\":132,\"commentCount\":0,\"publisher\":{\"@id\":\"https:\\\/\\\/www.ciclesfp.cat\\\/ca\\\/#organization\"},\"image\":{\"@id\":\"https:\\\/\\\/www.ciclesfp.cat\\\/ca\\\/2025\\\/01\\\/10\\\/primera-ronda-del-concurs-doratoria-lultima-paraula\\\/#primaryimage\"},\"thumbnailUrl\":\"https:\\\/\\\/www.ciclesfp.cat\\\/wp-content\\\/uploads\\\/2025\\\/01\\\/equip1-copy-1.jpg\",\"articleSection\":[\"CFGS\"],\"inLanguage\":\"ca\",\"potentialAction\":[{\"@type\":\"CommentAction\",\"name\":\"Comment\",\"target\":[\"https:\\\/\\\/www.ciclesfp.cat\\\/ca\\\/2025\\\/01\\\/10\\\/primera-ronda-del-concurs-doratoria-lultima-paraula\\\/#respond\"]}]},{\"@type\":\"WebPage\",\"@id\":\"https:\\\/\\\/www.ciclesfp.cat\\\/ca\\\/2025\\\/01\\\/10\\\/primera-ronda-del-concurs-doratoria-lultima-paraula\\\/\",\"url\":\"https:\\\/\\\/www.ciclesfp.cat\\\/ca\\\/2025\\\/01\\\/10\\\/primera-ronda-del-concurs-doratoria-lultima-paraula\\\/\",\"name\":\"Primera ronda del concurs d'orat\u00f2ria L'\u00daltima Paraula - Institut Jaume Mim\u00f3 FP\",\"isPartOf\":{\"@id\":\"https:\\\/\\\/www.ciclesfp.cat\\\/ca\\\/#website\"},\"primaryImageOfPage\":{\"@id\":\"https:\\\/\\\/www.ciclesfp.cat\\\/ca\\\/2025\\\/01\\\/10\\\/primera-ronda-del-concurs-doratoria-lultima-paraula\\\/#primaryimage\"},\"image\":{\"@id\":\"https:\\\/\\\/www.ciclesfp.cat\\\/ca\\\/2025\\\/01\\\/10\\\/primera-ronda-del-concurs-doratoria-lultima-paraula\\\/#primaryimage\"},\"thumbnailUrl\":\"https:\\\/\\\/www.ciclesfp.cat\\\/wp-content\\\/uploads\\\/2025\\\/01\\\/equip1-copy-1.jpg\",\"datePublished\":\"2025-01-10T17:14:26+00:00\",\"dateModified\":\"2025-01-17T09:37:45+00:00\",\"breadcrumb\":{\"@id\":\"https:\\\/\\\/www.ciclesfp.cat\\\/ca\\\/2025\\\/01\\\/10\\\/primera-ronda-del-concurs-doratoria-lultima-paraula\\\/#breadcrumb\"},\"inLanguage\":\"ca\",\"potentialAction\":[{\"@type\":\"ReadAction\",\"target\":[\"https:\\\/\\\/www.ciclesfp.cat\\\/ca\\\/2025\\\/01\\\/10\\\/primera-ronda-del-concurs-doratoria-lultima-paraula\\\/\"]}]},{\"@type\":\"ImageObject\",\"inLanguage\":\"ca\",\"@id\":\"https:\\\/\\\/www.ciclesfp.cat\\\/ca\\\/2025\\\/01\\\/10\\\/primera-ronda-del-concurs-doratoria-lultima-paraula\\\/#primaryimage\",\"url\":\"https:\\\/\\\/www.ciclesfp.cat\\\/wp-content\\\/uploads\\\/2025\\\/01\\\/equip1-copy-1.jpg\",\"contentUrl\":\"https:\\\/\\\/www.ciclesfp.cat\\\/wp-content\\\/uploads\\\/2025\\\/01\\\/equip1-copy-1.jpg\",\"width\":1080,\"height\":890},{\"@type\":\"BreadcrumbList\",\"@id\":\"https:\\\/\\\/www.ciclesfp.cat\\\/ca\\\/2025\\\/01\\\/10\\\/primera-ronda-del-concurs-doratoria-lultima-paraula\\\/#breadcrumb\",\"itemListElement\":[{\"@type\":\"ListItem\",\"position\":1,\"name\":\"Inici\",\"item\":\"https:\\\/\\\/www.ciclesfp.cat\\\/ca\\\/\"},{\"@type\":\"ListItem\",\"position\":2,\"name\":\"Primera ronda del concurs d&#8217;orat\u00f2ria L&#8217;\u00daltima Paraula\"}]},{\"@type\":\"WebSite\",\"@id\":\"https:\\\/\\\/www.ciclesfp.cat\\\/ca\\\/#website\",\"url\":\"https:\\\/\\\/www.ciclesfp.cat\\\/ca\\\/\",\"name\":\"Institut Jaume Mim\u00f3 FP\",\"description\":\"Pensa. Actua. Transforma.\",\"publisher\":{\"@id\":\"https:\\\/\\\/www.ciclesfp.cat\\\/ca\\\/#organization\"},\"potentialAction\":[{\"@type\":\"SearchAction\",\"target\":{\"@type\":\"EntryPoint\",\"urlTemplate\":\"https:\\\/\\\/www.ciclesfp.cat\\\/ca\\\/?s={search_term_string}\"},\"query-input\":{\"@type\":\"PropertyValueSpecification\",\"valueRequired\":true,\"valueName\":\"search_term_string\"}}],\"inLanguage\":\"ca\"},{\"@type\":\"Organization\",\"@id\":\"https:\\\/\\\/www.ciclesfp.cat\\\/ca\\\/#organization\",\"name\":\"INS Jaume Mim\u00f3\",\"url\":\"https:\\\/\\\/www.ciclesfp.cat\\\/ca\\\/\",\"logo\":{\"@type\":\"ImageObject\",\"inLanguage\":\"ca\",\"@id\":\"https:\\\/\\\/www.ciclesfp.cat\\\/ca\\\/#\\\/schema\\\/logo\\\/image\\\/\",\"url\":\"https:\\\/\\\/www.ciclesfp.cat\\\/wp-content\\\/uploads\\\/2019\\\/12\\\/logotip_del_centre-623x1024.png\",\"contentUrl\":\"https:\\\/\\\/www.ciclesfp.cat\\\/wp-content\\\/uploads\\\/2019\\\/12\\\/logotip_del_centre-623x1024.png\",\"width\":623,\"height\":1024,\"caption\":\"INS Jaume Mim\u00f3\"},\"image\":{\"@id\":\"https:\\\/\\\/www.ciclesfp.cat\\\/ca\\\/#\\\/schema\\\/logo\\\/image\\\/\"},\"sameAs\":[\"https:\\\/\\\/x.com\\\/insjaumemimo\",\"https:\\\/\\\/www.instagram.com\\\/insjaumemimo\\\/\",\"https:\\\/\\\/www.youtube.com\\\/channel\\\/UCOAhr11cd5pTqhuKCUnPrCQ\\\/feed?view_as=public\"]},{\"@type\":\"Person\",\"@id\":\"https:\\\/\\\/www.ciclesfp.cat\\\/ca\\\/#\\\/schema\\\/person\\\/038def007bc8dd159b347c0d9c63c056\",\"name\":\"insjaumemimo\",\"image\":{\"@type\":\"ImageObject\",\"inLanguage\":\"ca\",\"@id\":\"https:\\\/\\\/secure.gravatar.com\\\/avatar\\\/ee376169c99a1bcc7c076b3174ac89870a1374fc1f94350cf8c8d204ed606ad0?s=96&d=mm&r=g\",\"url\":\"https:\\\/\\\/secure.gravatar.com\\\/avatar\\\/ee376169c99a1bcc7c076b3174ac89870a1374fc1f94350cf8c8d204ed606ad0?s=96&d=mm&r=g\",\"contentUrl\":\"https:\\\/\\\/secure.gravatar.com\\\/avatar\\\/ee376169c99a1bcc7c076b3174ac89870a1374fc1f94350cf8c8d204ed606ad0?s=96&d=mm&r=g\",\"caption\":\"insjaumemimo\"},\"url\":\"https:\\\/\\\/www.ciclesfp.cat\\\/ca\\\/author\\\/insjaumemimo\\\/\"}]}<\/script>\n<!-- \/ Yoast SEO plugin. -->","yoast_head_json":{"title":"Primera ronda del concurs d'orat\u00f2ria L'\u00daltima Paraula - Institut Jaume Mim\u00f3 FP","robots":{"index":"index","follow":"follow","max-snippet":"max-snippet:-1","max-image-preview":"max-image-preview:large","max-video-preview":"max-video-preview:-1"},"canonical":"https:\/\/www.ciclesfp.cat\/ca\/2025\/01\/10\/primera-ronda-del-concurs-doratoria-lultima-paraula\/","og_locale":"ca_ES","og_type":"article","og_title":"Primera ronda del concurs d'orat\u00f2ria L'\u00daltima Paraula - Institut Jaume Mim\u00f3 FP","og_description":"El passat 27 de novembre, l&#8217;alumnat de segon del CFGS de M\u00e0rqueting i Publicitat, Carla Mourelo, Alba Martinez, Alba G\u00f3mez i Laura Rodriguez, i primer del CFGS d&#8217;Administraci\u00f3 i Finances, Ariadna Jord\u00e0, Ona Pla, Andrea Rodr\u00edguez i Ibra Camara van participar en la primera ronda del concurs d&#8217;orat\u00f2ria\u00a0&#8220;L\u2019\u00daltima Paraula&#8221;, un esdeveniment que t\u00e9 com a objectiu fomentar les habilitats comunicatives...","og_url":"https:\/\/www.ciclesfp.cat\/ca\/2025\/01\/10\/primera-ronda-del-concurs-doratoria-lultima-paraula\/","og_site_name":"Institut Jaume Mim\u00f3 FP","article_published_time":"2025-01-10T17:14:26+00:00","article_modified_time":"2025-01-17T09:37:45+00:00","og_image":[{"width":2560,"height":1920,"url":"https:\/\/www.ciclesfp.cat\/wp-content\/uploads\/2025\/01\/IMG_5390-JORGE-RAMOS-PELAEZ-2-scaled.jpeg","type":"image\/jpeg"}],"author":"insjaumemimo","twitter_card":"summary_large_image","twitter_creator":"@insjaumemimo","twitter_site":"@insjaumemimo","twitter_misc":{"Escrit per":"insjaumemimo","Temps estimat de lectura":"1 minut"},"schema":{"@context":"https:\/\/schema.org","@graph":[{"@type":"Article","@id":"https:\/\/www.ciclesfp.cat\/ca\/2025\/01\/10\/primera-ronda-del-concurs-doratoria-lultima-paraula\/#article","isPartOf":{"@id":"https:\/\/www.ciclesfp.cat\/ca\/2025\/01\/10\/primera-ronda-del-concurs-doratoria-lultima-paraula\/"},"author":{"name":"insjaumemimo","@id":"https:\/\/www.ciclesfp.cat\/ca\/#\/schema\/person\/038def007bc8dd159b347c0d9c63c056"},"headline":"Primera ronda del concurs d&#8217;orat\u00f2ria L&#8217;\u00daltima Paraula","datePublished":"2025-01-10T17:14:26+00:00","dateModified":"2025-01-17T09:37:45+00:00","mainEntityOfPage":{"@id":"https:\/\/www.ciclesfp.cat\/ca\/2025\/01\/10\/primera-ronda-del-concurs-doratoria-lultima-paraula\/"},"wordCount":132,"commentCount":0,"publisher":{"@id":"https:\/\/www.ciclesfp.cat\/ca\/#organization"},"image":{"@id":"https:\/\/www.ciclesfp.cat\/ca\/2025\/01\/10\/primera-ronda-del-concurs-doratoria-lultima-paraula\/#primaryimage"},"thumbnailUrl":"https:\/\/www.ciclesfp.cat\/wp-content\/uploads\/2025\/01\/equip1-copy-1.jpg","articleSection":["CFGS"],"inLanguage":"ca","potentialAction":[{"@type":"CommentAction","name":"Comment","target":["https:\/\/www.ciclesfp.cat\/ca\/2025\/01\/10\/primera-ronda-del-concurs-doratoria-lultima-paraula\/#respond"]}]},{"@type":"WebPage","@id":"https:\/\/www.ciclesfp.cat\/ca\/2025\/01\/10\/primera-ronda-del-concurs-doratoria-lultima-paraula\/","url":"https:\/\/www.ciclesfp.cat\/ca\/2025\/01\/10\/primera-ronda-del-concurs-doratoria-lultima-paraula\/","name":"Primera ronda del concurs d'orat\u00f2ria L'\u00daltima Paraula - Institut Jaume Mim\u00f3 FP","isPartOf":{"@id":"https:\/\/www.ciclesfp.cat\/ca\/#website"},"primaryImageOfPage":{"@id":"https:\/\/www.ciclesfp.cat\/ca\/2025\/01\/10\/primera-ronda-del-concurs-doratoria-lultima-paraula\/#primaryimage"},"image":{"@id":"https:\/\/www.ciclesfp.cat\/ca\/2025\/01\/10\/primera-ronda-del-concurs-doratoria-lultima-paraula\/#primaryimage"},"thumbnailUrl":"https:\/\/www.ciclesfp.cat\/wp-content\/uploads\/2025\/01\/equip1-copy-1.jpg","datePublished":"2025-01-10T17:14:26+00:00","dateModified":"2025-01-17T09:37:45+00:00","breadcrumb":{"@id":"https:\/\/www.ciclesfp.cat\/ca\/2025\/01\/10\/primera-ronda-del-concurs-doratoria-lultima-paraula\/#breadcrumb"},"inLanguage":"ca","potentialAction":[{"@type":"ReadAction","target":["https:\/\/www.ciclesfp.cat\/ca\/2025\/01\/10\/primera-ronda-del-concurs-doratoria-lultima-paraula\/"]}]},{"@type":"ImageObject","inLanguage":"ca","@id":"https:\/\/www.ciclesfp.cat\/ca\/2025\/01\/10\/primera-ronda-del-concurs-doratoria-lultima-paraula\/#primaryimage","url":"https:\/\/www.ciclesfp.cat\/wp-content\/uploads\/2025\/01\/equip1-copy-1.jpg","contentUrl":"https:\/\/www.ciclesfp.cat\/wp-content\/uploads\/2025\/01\/equip1-copy-1.jpg","width":1080,"height":890},{"@type":"BreadcrumbList","@id":"https:\/\/www.ciclesfp.cat\/ca\/2025\/01\/10\/primera-ronda-del-concurs-doratoria-lultima-paraula\/#breadcrumb","itemListElement":[{"@type":"ListItem","position":1,"name":"Inici","item":"https:\/\/www.ciclesfp.cat\/ca\/"},{"@type":"ListItem","position":2,"name":"Primera ronda del concurs d&#8217;orat\u00f2ria L&#8217;\u00daltima Paraula"}]},{"@type":"WebSite","@id":"https:\/\/www.ciclesfp.cat\/ca\/#website","url":"https:\/\/www.ciclesfp.cat\/ca\/","name":"Institut Jaume Mim\u00f3 FP","description":"Pensa. Actua. Transforma.","publisher":{"@id":"https:\/\/www.ciclesfp.cat\/ca\/#organization"},"potentialAction":[{"@type":"SearchAction","target":{"@type":"EntryPoint","urlTemplate":"https:\/\/www.ciclesfp.cat\/ca\/?s={search_term_string}"},"query-input":{"@type":"PropertyValueSpecification","valueRequired":true,"valueName":"search_term_string"}}],"inLanguage":"ca"},{"@type":"Organization","@id":"https:\/\/www.ciclesfp.cat\/ca\/#organization","name":"INS Jaume Mim\u00f3","url":"https:\/\/www.ciclesfp.cat\/ca\/","logo":{"@type":"ImageObject","inLanguage":"ca","@id":"https:\/\/www.ciclesfp.cat\/ca\/#\/schema\/logo\/image\/","url":"https:\/\/www.ciclesfp.cat\/wp-content\/uploads\/2019\/12\/logotip_del_centre-623x1024.png","contentUrl":"https:\/\/www.ciclesfp.cat\/wp-content\/uploads\/2019\/12\/logotip_del_centre-623x1024.png","width":623,"height":1024,"caption":"INS Jaume Mim\u00f3"},"image":{"@id":"https:\/\/www.ciclesfp.cat\/ca\/#\/schema\/logo\/image\/"},"sameAs":["https:\/\/x.com\/insjaumemimo","https:\/\/www.instagram.com\/insjaumemimo\/","https:\/\/www.youtube.com\/channel\/UCOAhr11cd5pTqhuKCUnPrCQ\/feed?view_as=public"]},{"@type":"Person","@id":"https:\/\/www.ciclesfp.cat\/ca\/#\/schema\/person\/038def007bc8dd159b347c0d9c63c056","name":"insjaumemimo","image":{"@type":"ImageObject","inLanguage":"ca","@id":"https:\/\/secure.gravatar.com\/avatar\/ee376169c99a1bcc7c076b3174ac89870a1374fc1f94350cf8c8d204ed606ad0?s=96&d=mm&r=g","url":"https:\/\/secure.gravatar.com\/avatar\/ee376169c99a1bcc7c076b3174ac89870a1374fc1f94350cf8c8d204ed606ad0?s=96&d=mm&r=g","contentUrl":"https:\/\/secure.gravatar.com\/avatar\/ee376169c99a1bcc7c076b3174ac89870a1374fc1f94350cf8c8d204ed606ad0?s=96&d=mm&r=g","caption":"insjaumemimo"},"url":"https:\/\/www.ciclesfp.cat\/ca\/author\/insjaumemimo\/"}]}},"_links":{"self":[{"href":"https:\/\/www.ciclesfp.cat\/ca\/wp-json\/wp\/v2\/posts\/8443","targetHints":{"allow":["GET"]}}],"collection":[{"href":"https:\/\/www.ciclesfp.cat\/ca\/wp-json\/wp\/v2\/posts"}],"about":[{"href":"https:\/\/www.ciclesfp.cat\/ca\/wp-json\/wp\/v2\/types\/post"}],"author":[{"embeddable":true,"href":"https:\/\/www.ciclesfp.cat\/ca\/wp-json\/wp\/v2\/users\/1"}],"replies":[{"embeddable":true,"href":"https:\/\/www.ciclesfp.cat\/ca\/wp-json\/wp\/v2\/comments?post=8443"}],"version-history":[{"count":2,"href":"https:\/\/www.ciclesfp.cat\/ca\/wp-json\/wp\/v2\/posts\/8443\/revisions"}],"predecessor-version":[{"id":8450,"href":"https:\/\/www.ciclesfp.cat\/ca\/wp-json\/wp\/v2\/posts\/8443\/revisions\/8450"}],"wp:featuredmedia":[{"embeddable":true,"href":"https:\/\/www.ciclesfp.cat\/ca\/wp-json\/wp\/v2\/media\/8446"}],"wp:attachment":[{"href":"https:\/\/www.ciclesfp.cat\/ca\/wp-json\/wp\/v2\/media?parent=8443"}],"wp:term":[{"taxonomy":"category","embeddable":true,"href":"https:\/\/www.ciclesfp.cat\/ca\/wp-json\/wp\/v2\/categories?post=8443"},{"taxonomy":"post_tag","embeddable":true,"href":"https:\/\/www.ciclesfp.cat\/ca\/wp-json\/wp\/v2\/tags?post=8443"}],"curies":[{"name":"wp","href":"https:\/\/api.w.org\/{rel}","templated":true}]}}