{"id":7921,"date":"2024-03-20T12:30:56","date_gmt":"2024-03-20T10:30:56","guid":{"rendered":"https:\/\/www.ciclesfp.cat\/?p=7921"},"modified":"2024-03-20T12:32:01","modified_gmt":"2024-03-20T10:32:01","slug":"beca-del-ministeri-curs-2024-2025","status":"publish","type":"post","link":"https:\/\/www.ciclesfp.cat\/ca\/2024\/03\/20\/beca-del-ministeri-curs-2024-2025\/","title":{"rendered":"Beca del Ministeri curs 2024 -2025"},"content":{"rendered":"\n<p>Ja ha sortit convocat\u00f2ria de beques per a l\u2019alumnat d\u2019estudis postobligatoris per al curs 2024-2025.<\/p>\n\n\n\n<p><\/p>\n\n\n\n<p>La podeu sol\u00b7licitar des del 19 de mar\u00e7 fins al 10 de maig.<\/p>\n\n\n\n<p><\/p>\n\n\n\n<p>El principal avantatge d\u2019aquesta convocat\u00f2ria \u00e9s la subvenci\u00f3 del 5% al llindar de la renta, que permetr\u00e0 que m\u00e9s estudiants accedeixin a una beca.<\/p>\n\n\n\n<p><\/p>\n\n\n\n<p>Podeu obtenir tota la info:<\/p>\n\n\n\n<p class=\"has-black-color has-text-color has-link-color wp-elements-93cfa5fa9c148878b942d9f71035f83a\"><a href=\"https:\/\/www.educacionyfp.gob.es\/prensa\/actualidad\/2024\/03\/20240315-convocatoriabecas.html\" target=\"_blank\" rel=\"noreferrer noopener\">https:\/\/www.educacionyfp.gob.es\/prensa\/actualidad\/2024\/03\/20240315-convocatoriabecas.html<\/a><\/p>\n\n\n\n<p><\/p>\n\n\n\n<p class=\"has-black-color has-text-color has-link-color wp-elements-0bc4ab29aa50e42a78793f68dd8318bc\">Enlla\u00e7 directe a la preinscripci\u00f3:<br>\ud83d\udc49<a href=\"https:\/\/educacio.gencat.cat\/ca\/tramits\/tramits-temes\/247-beques-ministerio-postobligatoris?moda=1\" target=\"_blank\" rel=\"noreferrer noopener\"> https:\/\/educacio.gencat.cat\/ca\/tramits\/tramits-temes\/247-beques-ministerio-postobligatoris?moda=1<\/a><\/p>\n\n\n\n<p class=\"has-black-color has-text-color has-link-color wp-elements-d3e5e4611fb9d9cd7c6717c0b3bd1a4e\"><a href=\"https:\/\/www.instagram.com\/explore\/tags\/beca\/\">#beca<\/a><a href=\"https:\/\/www.instagram.com\/explore\/tags\/beques\/\">#beques<\/a><a href=\"https:\/\/www.instagram.com\/explore\/tags\/estudispostobligatoris\/\">#estudispostobligatoris<\/a><\/p>\n","protected":false},"excerpt":{"rendered":"<p>Ja ha sortit convocat\u00f2ria de beques per a l\u2019alumnat d\u2019estudis postobligatoris per al curs 2024-2025. La podeu sol\u00b7licitar des del 19 de mar\u00e7 fins al 10 de maig. El principal avantatge d\u2019aquesta convocat\u00f2ria \u00e9s la subvenci\u00f3 del 5% al llindar de la renta, que permetr\u00e0 que m\u00e9s estudiants accedeixin a una beca. Podeu obtenir tota la info: https:\/\/www.educacionyfp.gob.es\/prensa\/actualidad\/2024\/03\/20240315-convocatoriabecas.html Enlla\u00e7 directe&#8230;<\/p>\n","protected":false},"author":1,"featured_media":7922,"comment_status":"open","ping_status":"open","sticky":false,"template":"","format":"standard","meta":{"footnotes":""},"categories":[8,9],"tags":[],"class_list":["post-7921","post","type-post","status-publish","format-standard","has-post-thumbnail","hentry","category-cfgm","category-cfgs"],"yoast_head":"<!-- This site is optimized with the Yoast SEO plugin v27.5 - https:\/\/yoast.com\/product\/yoast-seo-wordpress\/ -->\n<title>Beca del Ministeri curs 2024 -2025 - Institut Jaume Mim\u00f3 FP<\/title>\n<meta name=\"robots\" content=\"index, follow, max-snippet:-1, max-image-preview:large, max-video-preview:-1\" \/>\n<link rel=\"canonical\" href=\"https:\/\/www.ciclesfp.cat\/ca\/2024\/03\/20\/beca-del-ministeri-curs-2024-2025\/\" \/>\n<meta property=\"og:locale\" content=\"ca_ES\" \/>\n<meta property=\"og:type\" content=\"article\" \/>\n<meta property=\"og:title\" content=\"Beca del Ministeri curs 2024 -2025 - Institut Jaume Mim\u00f3 FP\" \/>\n<meta property=\"og:description\" content=\"Ja ha sortit convocat\u00f2ria de beques per a l\u2019alumnat d\u2019estudis postobligatoris per al curs 2024-2025. La podeu sol\u00b7licitar des del 19 de mar\u00e7 fins al 10 de maig. El principal avantatge d\u2019aquesta convocat\u00f2ria \u00e9s la subvenci\u00f3 del 5% al llindar de la renta, que permetr\u00e0 que m\u00e9s estudiants accedeixin a una beca. Podeu obtenir tota la info: https:\/\/www.educacionyfp.gob.es\/prensa\/actualidad\/2024\/03\/20240315-convocatoriabecas.html Enlla\u00e7 directe...\" \/>\n<meta property=\"og:url\" content=\"https:\/\/www.ciclesfp.cat\/ca\/2024\/03\/20\/beca-del-ministeri-curs-2024-2025\/\" \/>\n<meta property=\"og:site_name\" content=\"Institut Jaume Mim\u00f3 FP\" \/>\n<meta property=\"article:published_time\" content=\"2024-03-20T10:30:56+00:00\" \/>\n<meta property=\"article:modified_time\" content=\"2024-03-20T10:32:01+00:00\" \/>\n<meta property=\"og:image\" content=\"https:\/\/www.ciclesfp.cat\/wp-content\/uploads\/2024\/03\/BECA-MINISTERI_Mesa-de-trabajo-1-1024x1024.png\" \/>\n\t<meta property=\"og:image:width\" content=\"1024\" \/>\n\t<meta property=\"og:image:height\" content=\"1024\" \/>\n\t<meta property=\"og:image:type\" content=\"image\/png\" \/>\n<meta name=\"author\" content=\"insjaumemimo\" \/>\n<meta name=\"twitter:card\" content=\"summary_large_image\" \/>\n<meta name=\"twitter:creator\" content=\"@insjaumemimo\" \/>\n<meta name=\"twitter:site\" content=\"@insjaumemimo\" \/>\n<meta name=\"twitter:label1\" content=\"Escrit per\" \/>\n\t<meta name=\"twitter:data1\" content=\"insjaumemimo\" \/>\n\t<meta name=\"twitter:label2\" content=\"Temps estimat de lectura\" \/>\n\t<meta name=\"twitter:data2\" content=\"1 minut\" \/>\n<script type=\"application\/ld+json\" class=\"yoast-schema-graph\">{\"@context\":\"https:\\\/\\\/schema.org\",\"@graph\":[{\"@type\":\"Article\",\"@id\":\"https:\\\/\\\/www.ciclesfp.cat\\\/ca\\\/2024\\\/03\\\/20\\\/beca-del-ministeri-curs-2024-2025\\\/#article\",\"isPartOf\":{\"@id\":\"https:\\\/\\\/www.ciclesfp.cat\\\/ca\\\/2024\\\/03\\\/20\\\/beca-del-ministeri-curs-2024-2025\\\/\"},\"author\":{\"name\":\"insjaumemimo\",\"@id\":\"https:\\\/\\\/www.ciclesfp.cat\\\/ca\\\/#\\\/schema\\\/person\\\/038def007bc8dd159b347c0d9c63c056\"},\"headline\":\"Beca del Ministeri curs 2024 -2025\",\"datePublished\":\"2024-03-20T10:30:56+00:00\",\"dateModified\":\"2024-03-20T10:32:01+00:00\",\"mainEntityOfPage\":{\"@id\":\"https:\\\/\\\/www.ciclesfp.cat\\\/ca\\\/2024\\\/03\\\/20\\\/beca-del-ministeri-curs-2024-2025\\\/\"},\"wordCount\":92,\"commentCount\":0,\"publisher\":{\"@id\":\"https:\\\/\\\/www.ciclesfp.cat\\\/ca\\\/#organization\"},\"image\":{\"@id\":\"https:\\\/\\\/www.ciclesfp.cat\\\/ca\\\/2024\\\/03\\\/20\\\/beca-del-ministeri-curs-2024-2025\\\/#primaryimage\"},\"thumbnailUrl\":\"https:\\\/\\\/www.ciclesfp.cat\\\/wp-content\\\/uploads\\\/2024\\\/03\\\/BECA-MINISTERI_Mesa-de-trabajo-1.png\",\"articleSection\":[\"CFGM\",\"CFGS\"],\"inLanguage\":\"ca\",\"potentialAction\":[{\"@type\":\"CommentAction\",\"name\":\"Comment\",\"target\":[\"https:\\\/\\\/www.ciclesfp.cat\\\/ca\\\/2024\\\/03\\\/20\\\/beca-del-ministeri-curs-2024-2025\\\/#respond\"]}]},{\"@type\":\"WebPage\",\"@id\":\"https:\\\/\\\/www.ciclesfp.cat\\\/ca\\\/2024\\\/03\\\/20\\\/beca-del-ministeri-curs-2024-2025\\\/\",\"url\":\"https:\\\/\\\/www.ciclesfp.cat\\\/ca\\\/2024\\\/03\\\/20\\\/beca-del-ministeri-curs-2024-2025\\\/\",\"name\":\"Beca del Ministeri curs 2024 -2025 - Institut Jaume Mim\u00f3 FP\",\"isPartOf\":{\"@id\":\"https:\\\/\\\/www.ciclesfp.cat\\\/ca\\\/#website\"},\"primaryImageOfPage\":{\"@id\":\"https:\\\/\\\/www.ciclesfp.cat\\\/ca\\\/2024\\\/03\\\/20\\\/beca-del-ministeri-curs-2024-2025\\\/#primaryimage\"},\"image\":{\"@id\":\"https:\\\/\\\/www.ciclesfp.cat\\\/ca\\\/2024\\\/03\\\/20\\\/beca-del-ministeri-curs-2024-2025\\\/#primaryimage\"},\"thumbnailUrl\":\"https:\\\/\\\/www.ciclesfp.cat\\\/wp-content\\\/uploads\\\/2024\\\/03\\\/BECA-MINISTERI_Mesa-de-trabajo-1.png\",\"datePublished\":\"2024-03-20T10:30:56+00:00\",\"dateModified\":\"2024-03-20T10:32:01+00:00\",\"breadcrumb\":{\"@id\":\"https:\\\/\\\/www.ciclesfp.cat\\\/ca\\\/2024\\\/03\\\/20\\\/beca-del-ministeri-curs-2024-2025\\\/#breadcrumb\"},\"inLanguage\":\"ca\",\"potentialAction\":[{\"@type\":\"ReadAction\",\"target\":[\"https:\\\/\\\/www.ciclesfp.cat\\\/ca\\\/2024\\\/03\\\/20\\\/beca-del-ministeri-curs-2024-2025\\\/\"]}]},{\"@type\":\"ImageObject\",\"inLanguage\":\"ca\",\"@id\":\"https:\\\/\\\/www.ciclesfp.cat\\\/ca\\\/2024\\\/03\\\/20\\\/beca-del-ministeri-curs-2024-2025\\\/#primaryimage\",\"url\":\"https:\\\/\\\/www.ciclesfp.cat\\\/wp-content\\\/uploads\\\/2024\\\/03\\\/BECA-MINISTERI_Mesa-de-trabajo-1.png\",\"contentUrl\":\"https:\\\/\\\/www.ciclesfp.cat\\\/wp-content\\\/uploads\\\/2024\\\/03\\\/BECA-MINISTERI_Mesa-de-trabajo-1.png\",\"width\":4500,\"height\":4500},{\"@type\":\"BreadcrumbList\",\"@id\":\"https:\\\/\\\/www.ciclesfp.cat\\\/ca\\\/2024\\\/03\\\/20\\\/beca-del-ministeri-curs-2024-2025\\\/#breadcrumb\",\"itemListElement\":[{\"@type\":\"ListItem\",\"position\":1,\"name\":\"Inici\",\"item\":\"https:\\\/\\\/www.ciclesfp.cat\\\/ca\\\/\"},{\"@type\":\"ListItem\",\"position\":2,\"name\":\"Beca del Ministeri curs 2024 -2025\"}]},{\"@type\":\"WebSite\",\"@id\":\"https:\\\/\\\/www.ciclesfp.cat\\\/ca\\\/#website\",\"url\":\"https:\\\/\\\/www.ciclesfp.cat\\\/ca\\\/\",\"name\":\"Institut Jaume Mim\u00f3 FP\",\"description\":\"Pensa. Actua. Transforma.\",\"publisher\":{\"@id\":\"https:\\\/\\\/www.ciclesfp.cat\\\/ca\\\/#organization\"},\"potentialAction\":[{\"@type\":\"SearchAction\",\"target\":{\"@type\":\"EntryPoint\",\"urlTemplate\":\"https:\\\/\\\/www.ciclesfp.cat\\\/ca\\\/?s={search_term_string}\"},\"query-input\":{\"@type\":\"PropertyValueSpecification\",\"valueRequired\":true,\"valueName\":\"search_term_string\"}}],\"inLanguage\":\"ca\"},{\"@type\":\"Organization\",\"@id\":\"https:\\\/\\\/www.ciclesfp.cat\\\/ca\\\/#organization\",\"name\":\"INS Jaume Mim\u00f3\",\"url\":\"https:\\\/\\\/www.ciclesfp.cat\\\/ca\\\/\",\"logo\":{\"@type\":\"ImageObject\",\"inLanguage\":\"ca\",\"@id\":\"https:\\\/\\\/www.ciclesfp.cat\\\/ca\\\/#\\\/schema\\\/logo\\\/image\\\/\",\"url\":\"https:\\\/\\\/www.ciclesfp.cat\\\/wp-content\\\/uploads\\\/2019\\\/12\\\/logotip_del_centre-623x1024.png\",\"contentUrl\":\"https:\\\/\\\/www.ciclesfp.cat\\\/wp-content\\\/uploads\\\/2019\\\/12\\\/logotip_del_centre-623x1024.png\",\"width\":623,\"height\":1024,\"caption\":\"INS Jaume Mim\u00f3\"},\"image\":{\"@id\":\"https:\\\/\\\/www.ciclesfp.cat\\\/ca\\\/#\\\/schema\\\/logo\\\/image\\\/\"},\"sameAs\":[\"https:\\\/\\\/x.com\\\/insjaumemimo\",\"https:\\\/\\\/www.instagram.com\\\/insjaumemimo\\\/\",\"https:\\\/\\\/www.youtube.com\\\/channel\\\/UCOAhr11cd5pTqhuKCUnPrCQ\\\/feed?view_as=public\"]},{\"@type\":\"Person\",\"@id\":\"https:\\\/\\\/www.ciclesfp.cat\\\/ca\\\/#\\\/schema\\\/person\\\/038def007bc8dd159b347c0d9c63c056\",\"name\":\"insjaumemimo\",\"image\":{\"@type\":\"ImageObject\",\"inLanguage\":\"ca\",\"@id\":\"https:\\\/\\\/secure.gravatar.com\\\/avatar\\\/ee376169c99a1bcc7c076b3174ac89870a1374fc1f94350cf8c8d204ed606ad0?s=96&d=mm&r=g\",\"url\":\"https:\\\/\\\/secure.gravatar.com\\\/avatar\\\/ee376169c99a1bcc7c076b3174ac89870a1374fc1f94350cf8c8d204ed606ad0?s=96&d=mm&r=g\",\"contentUrl\":\"https:\\\/\\\/secure.gravatar.com\\\/avatar\\\/ee376169c99a1bcc7c076b3174ac89870a1374fc1f94350cf8c8d204ed606ad0?s=96&d=mm&r=g\",\"caption\":\"insjaumemimo\"},\"url\":\"https:\\\/\\\/www.ciclesfp.cat\\\/ca\\\/author\\\/insjaumemimo\\\/\"}]}<\/script>\n<!-- \/ Yoast SEO plugin. -->","yoast_head_json":{"title":"Beca del Ministeri curs 2024 -2025 - Institut Jaume Mim\u00f3 FP","robots":{"index":"index","follow":"follow","max-snippet":"max-snippet:-1","max-image-preview":"max-image-preview:large","max-video-preview":"max-video-preview:-1"},"canonical":"https:\/\/www.ciclesfp.cat\/ca\/2024\/03\/20\/beca-del-ministeri-curs-2024-2025\/","og_locale":"ca_ES","og_type":"article","og_title":"Beca del Ministeri curs 2024 -2025 - Institut Jaume Mim\u00f3 FP","og_description":"Ja ha sortit convocat\u00f2ria de beques per a l\u2019alumnat d\u2019estudis postobligatoris per al curs 2024-2025. La podeu sol\u00b7licitar des del 19 de mar\u00e7 fins al 10 de maig. El principal avantatge d\u2019aquesta convocat\u00f2ria \u00e9s la subvenci\u00f3 del 5% al llindar de la renta, que permetr\u00e0 que m\u00e9s estudiants accedeixin a una beca. Podeu obtenir tota la info: https:\/\/www.educacionyfp.gob.es\/prensa\/actualidad\/2024\/03\/20240315-convocatoriabecas.html Enlla\u00e7 directe...","og_url":"https:\/\/www.ciclesfp.cat\/ca\/2024\/03\/20\/beca-del-ministeri-curs-2024-2025\/","og_site_name":"Institut Jaume Mim\u00f3 FP","article_published_time":"2024-03-20T10:30:56+00:00","article_modified_time":"2024-03-20T10:32:01+00:00","og_image":[{"width":1024,"height":1024,"url":"https:\/\/www.ciclesfp.cat\/wp-content\/uploads\/2024\/03\/BECA-MINISTERI_Mesa-de-trabajo-1-1024x1024.png","type":"image\/png"}],"author":"insjaumemimo","twitter_card":"summary_large_image","twitter_creator":"@insjaumemimo","twitter_site":"@insjaumemimo","twitter_misc":{"Escrit per":"insjaumemimo","Temps estimat de lectura":"1 minut"},"schema":{"@context":"https:\/\/schema.org","@graph":[{"@type":"Article","@id":"https:\/\/www.ciclesfp.cat\/ca\/2024\/03\/20\/beca-del-ministeri-curs-2024-2025\/#article","isPartOf":{"@id":"https:\/\/www.ciclesfp.cat\/ca\/2024\/03\/20\/beca-del-ministeri-curs-2024-2025\/"},"author":{"name":"insjaumemimo","@id":"https:\/\/www.ciclesfp.cat\/ca\/#\/schema\/person\/038def007bc8dd159b347c0d9c63c056"},"headline":"Beca del Ministeri curs 2024 -2025","datePublished":"2024-03-20T10:30:56+00:00","dateModified":"2024-03-20T10:32:01+00:00","mainEntityOfPage":{"@id":"https:\/\/www.ciclesfp.cat\/ca\/2024\/03\/20\/beca-del-ministeri-curs-2024-2025\/"},"wordCount":92,"commentCount":0,"publisher":{"@id":"https:\/\/www.ciclesfp.cat\/ca\/#organization"},"image":{"@id":"https:\/\/www.ciclesfp.cat\/ca\/2024\/03\/20\/beca-del-ministeri-curs-2024-2025\/#primaryimage"},"thumbnailUrl":"https:\/\/www.ciclesfp.cat\/wp-content\/uploads\/2024\/03\/BECA-MINISTERI_Mesa-de-trabajo-1.png","articleSection":["CFGM","CFGS"],"inLanguage":"ca","potentialAction":[{"@type":"CommentAction","name":"Comment","target":["https:\/\/www.ciclesfp.cat\/ca\/2024\/03\/20\/beca-del-ministeri-curs-2024-2025\/#respond"]}]},{"@type":"WebPage","@id":"https:\/\/www.ciclesfp.cat\/ca\/2024\/03\/20\/beca-del-ministeri-curs-2024-2025\/","url":"https:\/\/www.ciclesfp.cat\/ca\/2024\/03\/20\/beca-del-ministeri-curs-2024-2025\/","name":"Beca del Ministeri curs 2024 -2025 - Institut Jaume Mim\u00f3 FP","isPartOf":{"@id":"https:\/\/www.ciclesfp.cat\/ca\/#website"},"primaryImageOfPage":{"@id":"https:\/\/www.ciclesfp.cat\/ca\/2024\/03\/20\/beca-del-ministeri-curs-2024-2025\/#primaryimage"},"image":{"@id":"https:\/\/www.ciclesfp.cat\/ca\/2024\/03\/20\/beca-del-ministeri-curs-2024-2025\/#primaryimage"},"thumbnailUrl":"https:\/\/www.ciclesfp.cat\/wp-content\/uploads\/2024\/03\/BECA-MINISTERI_Mesa-de-trabajo-1.png","datePublished":"2024-03-20T10:30:56+00:00","dateModified":"2024-03-20T10:32:01+00:00","breadcrumb":{"@id":"https:\/\/www.ciclesfp.cat\/ca\/2024\/03\/20\/beca-del-ministeri-curs-2024-2025\/#breadcrumb"},"inLanguage":"ca","potentialAction":[{"@type":"ReadAction","target":["https:\/\/www.ciclesfp.cat\/ca\/2024\/03\/20\/beca-del-ministeri-curs-2024-2025\/"]}]},{"@type":"ImageObject","inLanguage":"ca","@id":"https:\/\/www.ciclesfp.cat\/ca\/2024\/03\/20\/beca-del-ministeri-curs-2024-2025\/#primaryimage","url":"https:\/\/www.ciclesfp.cat\/wp-content\/uploads\/2024\/03\/BECA-MINISTERI_Mesa-de-trabajo-1.png","contentUrl":"https:\/\/www.ciclesfp.cat\/wp-content\/uploads\/2024\/03\/BECA-MINISTERI_Mesa-de-trabajo-1.png","width":4500,"height":4500},{"@type":"BreadcrumbList","@id":"https:\/\/www.ciclesfp.cat\/ca\/2024\/03\/20\/beca-del-ministeri-curs-2024-2025\/#breadcrumb","itemListElement":[{"@type":"ListItem","position":1,"name":"Inici","item":"https:\/\/www.ciclesfp.cat\/ca\/"},{"@type":"ListItem","position":2,"name":"Beca del Ministeri curs 2024 -2025"}]},{"@type":"WebSite","@id":"https:\/\/www.ciclesfp.cat\/ca\/#website","url":"https:\/\/www.ciclesfp.cat\/ca\/","name":"Institut Jaume Mim\u00f3 FP","description":"Pensa. Actua. Transforma.","publisher":{"@id":"https:\/\/www.ciclesfp.cat\/ca\/#organization"},"potentialAction":[{"@type":"SearchAction","target":{"@type":"EntryPoint","urlTemplate":"https:\/\/www.ciclesfp.cat\/ca\/?s={search_term_string}"},"query-input":{"@type":"PropertyValueSpecification","valueRequired":true,"valueName":"search_term_string"}}],"inLanguage":"ca"},{"@type":"Organization","@id":"https:\/\/www.ciclesfp.cat\/ca\/#organization","name":"INS Jaume Mim\u00f3","url":"https:\/\/www.ciclesfp.cat\/ca\/","logo":{"@type":"ImageObject","inLanguage":"ca","@id":"https:\/\/www.ciclesfp.cat\/ca\/#\/schema\/logo\/image\/","url":"https:\/\/www.ciclesfp.cat\/wp-content\/uploads\/2019\/12\/logotip_del_centre-623x1024.png","contentUrl":"https:\/\/www.ciclesfp.cat\/wp-content\/uploads\/2019\/12\/logotip_del_centre-623x1024.png","width":623,"height":1024,"caption":"INS Jaume Mim\u00f3"},"image":{"@id":"https:\/\/www.ciclesfp.cat\/ca\/#\/schema\/logo\/image\/"},"sameAs":["https:\/\/x.com\/insjaumemimo","https:\/\/www.instagram.com\/insjaumemimo\/","https:\/\/www.youtube.com\/channel\/UCOAhr11cd5pTqhuKCUnPrCQ\/feed?view_as=public"]},{"@type":"Person","@id":"https:\/\/www.ciclesfp.cat\/ca\/#\/schema\/person\/038def007bc8dd159b347c0d9c63c056","name":"insjaumemimo","image":{"@type":"ImageObject","inLanguage":"ca","@id":"https:\/\/secure.gravatar.com\/avatar\/ee376169c99a1bcc7c076b3174ac89870a1374fc1f94350cf8c8d204ed606ad0?s=96&d=mm&r=g","url":"https:\/\/secure.gravatar.com\/avatar\/ee376169c99a1bcc7c076b3174ac89870a1374fc1f94350cf8c8d204ed606ad0?s=96&d=mm&r=g","contentUrl":"https:\/\/secure.gravatar.com\/avatar\/ee376169c99a1bcc7c076b3174ac89870a1374fc1f94350cf8c8d204ed606ad0?s=96&d=mm&r=g","caption":"insjaumemimo"},"url":"https:\/\/www.ciclesfp.cat\/ca\/author\/insjaumemimo\/"}]}},"_links":{"self":[{"href":"https:\/\/www.ciclesfp.cat\/ca\/wp-json\/wp\/v2\/posts\/7921","targetHints":{"allow":["GET"]}}],"collection":[{"href":"https:\/\/www.ciclesfp.cat\/ca\/wp-json\/wp\/v2\/posts"}],"about":[{"href":"https:\/\/www.ciclesfp.cat\/ca\/wp-json\/wp\/v2\/types\/post"}],"author":[{"embeddable":true,"href":"https:\/\/www.ciclesfp.cat\/ca\/wp-json\/wp\/v2\/users\/1"}],"replies":[{"embeddable":true,"href":"https:\/\/www.ciclesfp.cat\/ca\/wp-json\/wp\/v2\/comments?post=7921"}],"version-history":[{"count":2,"href":"https:\/\/www.ciclesfp.cat\/ca\/wp-json\/wp\/v2\/posts\/7921\/revisions"}],"predecessor-version":[{"id":7925,"href":"https:\/\/www.ciclesfp.cat\/ca\/wp-json\/wp\/v2\/posts\/7921\/revisions\/7925"}],"wp:featuredmedia":[{"embeddable":true,"href":"https:\/\/www.ciclesfp.cat\/ca\/wp-json\/wp\/v2\/media\/7922"}],"wp:attachment":[{"href":"https:\/\/www.ciclesfp.cat\/ca\/wp-json\/wp\/v2\/media?parent=7921"}],"wp:term":[{"taxonomy":"category","embeddable":true,"href":"https:\/\/www.ciclesfp.cat\/ca\/wp-json\/wp\/v2\/categories?post=7921"},{"taxonomy":"post_tag","embeddable":true,"href":"https:\/\/www.ciclesfp.cat\/ca\/wp-json\/wp\/v2\/tags?post=7921"}],"curies":[{"name":"wp","href":"https:\/\/api.w.org\/{rel}","templated":true}]}}