{"id":7894,"date":"2024-02-27T11:57:28","date_gmt":"2024-02-27T09:57:28","guid":{"rendered":"https:\/\/www.ciclesfp.cat\/?p=7894"},"modified":"2024-02-27T11:57:30","modified_gmt":"2024-02-27T09:57:30","slug":"grafica-iii-edicio-jornada-emprenedora","status":"publish","type":"post","link":"https:\/\/www.ciclesfp.cat\/ca\/2024\/02\/27\/grafica-iii-edicio-jornada-emprenedora\/","title":{"rendered":"Gr\u00e0fica III Edici\u00f3 Jornada Emprenedora"},"content":{"rendered":"\n<p>L\u2019alumnat del CFGS de 1r de Gr\u00e0fica Publicit\u00e0ria, en col\u00b7laboraci\u00f3 amb el cicle de M\u00e0rqueting i Publicitat, ha donat vida a la l\u00ednia gr\u00e0fica de la Jornada Emprenedora d\u2019aquest any. Gr\u00e0fica Publicit\u00e0ria ha establert les directrius visuals, mentre M\u00e0rqueting ha adaptat els diversos formats i ha liderat l\u2019organitzaci\u00f3 de l\u2019esdeveniment.<\/p>\n\n\n\n<p>Una excel\u00b7lent mostra de treball en equip i creativitat que no us podeu perdre!<\/p>\n\n\n\n<figure class=\"wp-block-embed is-type-video is-provider-youtube wp-block-embed-youtube wp-embed-aspect-4-3 wp-has-aspect-ratio\"><div class=\"wp-block-embed__wrapper\">\n<iframe title=\"L\u00ednia gr\u00e0fica III Edici\u00f3 Jornada Emprenedora\" width=\"1060\" height=\"795\" src=\"https:\/\/www.youtube.com\/embed\/-Rpz4G0oH-Q?feature=oembed\" frameborder=\"0\" allow=\"accelerometer; autoplay; clipboard-write; encrypted-media; gyroscope; picture-in-picture; web-share\" allowfullscreen><\/iframe>\n<\/div><\/figure>\n","protected":false},"excerpt":{"rendered":"<p>L\u2019alumnat del CFGS de 1r de Gr\u00e0fica Publicit\u00e0ria, en col\u00b7laboraci\u00f3 amb el cicle de M\u00e0rqueting i Publicitat, ha donat vida a la l\u00ednia gr\u00e0fica de la Jornada Emprenedora d\u2019aquest any. Gr\u00e0fica Publicit\u00e0ria ha establert les directrius visuals, mentre M\u00e0rqueting ha adaptat els diversos formats i ha liderat l\u2019organitzaci\u00f3 de l\u2019esdeveniment. Una excel\u00b7lent mostra de treball en equip i creativitat que&#8230;<\/p>\n","protected":false},"author":1,"featured_media":7890,"comment_status":"closed","ping_status":"closed","sticky":false,"template":"","format":"standard","meta":{"footnotes":""},"categories":[9],"tags":[],"class_list":["post-7894","post","type-post","status-publish","format-standard","has-post-thumbnail","hentry","category-cfgs"],"yoast_head":"<!-- This site is optimized with the Yoast SEO plugin v27.5 - https:\/\/yoast.com\/product\/yoast-seo-wordpress\/ -->\n<title>Gr\u00e0fica III Edici\u00f3 Jornada Emprenedora - Institut Jaume Mim\u00f3 FP<\/title>\n<meta name=\"robots\" content=\"index, follow, max-snippet:-1, max-image-preview:large, max-video-preview:-1\" \/>\n<link rel=\"canonical\" href=\"https:\/\/www.ciclesfp.cat\/ca\/2024\/02\/27\/grafica-iii-edicio-jornada-emprenedora\/\" \/>\n<meta property=\"og:locale\" content=\"ca_ES\" \/>\n<meta property=\"og:type\" content=\"article\" \/>\n<meta property=\"og:title\" content=\"Gr\u00e0fica III Edici\u00f3 Jornada Emprenedora - Institut Jaume Mim\u00f3 FP\" \/>\n<meta property=\"og:description\" content=\"L\u2019alumnat del CFGS de 1r de Gr\u00e0fica Publicit\u00e0ria, en col\u00b7laboraci\u00f3 amb el cicle de M\u00e0rqueting i Publicitat, ha donat vida a la l\u00ednia gr\u00e0fica de la Jornada Emprenedora d\u2019aquest any. Gr\u00e0fica Publicit\u00e0ria ha establert les directrius visuals, mentre M\u00e0rqueting ha adaptat els diversos formats i ha liderat l\u2019organitzaci\u00f3 de l\u2019esdeveniment. Una excel\u00b7lent mostra de treball en equip i creativitat que...\" \/>\n<meta property=\"og:url\" content=\"https:\/\/www.ciclesfp.cat\/ca\/2024\/02\/27\/grafica-iii-edicio-jornada-emprenedora\/\" \/>\n<meta property=\"og:site_name\" content=\"Institut Jaume Mim\u00f3 FP\" \/>\n<meta property=\"article:published_time\" content=\"2024-02-27T09:57:28+00:00\" \/>\n<meta property=\"article:modified_time\" content=\"2024-02-27T09:57:30+00:00\" \/>\n<meta property=\"og:image\" content=\"https:\/\/www.ciclesfp.cat\/wp-content\/uploads\/2024\/02\/Post-Inicial.jpg\" \/>\n\t<meta property=\"og:image:width\" content=\"567\" \/>\n\t<meta property=\"og:image:height\" content=\"568\" \/>\n\t<meta property=\"og:image:type\" content=\"image\/jpeg\" \/>\n<meta name=\"author\" content=\"insjaumemimo\" \/>\n<meta name=\"twitter:card\" content=\"summary_large_image\" \/>\n<meta name=\"twitter:creator\" content=\"@insjaumemimo\" \/>\n<meta name=\"twitter:site\" content=\"@insjaumemimo\" \/>\n<meta name=\"twitter:label1\" content=\"Escrit per\" \/>\n\t<meta name=\"twitter:data1\" content=\"insjaumemimo\" \/>\n\t<meta name=\"twitter:label2\" content=\"Temps estimat de lectura\" \/>\n\t<meta name=\"twitter:data2\" content=\"1 minut\" \/>\n<script type=\"application\/ld+json\" class=\"yoast-schema-graph\">{\"@context\":\"https:\\\/\\\/schema.org\",\"@graph\":[{\"@type\":\"Article\",\"@id\":\"https:\\\/\\\/www.ciclesfp.cat\\\/ca\\\/2024\\\/02\\\/27\\\/grafica-iii-edicio-jornada-emprenedora\\\/#article\",\"isPartOf\":{\"@id\":\"https:\\\/\\\/www.ciclesfp.cat\\\/ca\\\/2024\\\/02\\\/27\\\/grafica-iii-edicio-jornada-emprenedora\\\/\"},\"author\":{\"name\":\"insjaumemimo\",\"@id\":\"https:\\\/\\\/www.ciclesfp.cat\\\/ca\\\/#\\\/schema\\\/person\\\/038def007bc8dd159b347c0d9c63c056\"},\"headline\":\"Gr\u00e0fica III Edici\u00f3 Jornada Emprenedora\",\"datePublished\":\"2024-02-27T09:57:28+00:00\",\"dateModified\":\"2024-02-27T09:57:30+00:00\",\"mainEntityOfPage\":{\"@id\":\"https:\\\/\\\/www.ciclesfp.cat\\\/ca\\\/2024\\\/02\\\/27\\\/grafica-iii-edicio-jornada-emprenedora\\\/\"},\"wordCount\":93,\"publisher\":{\"@id\":\"https:\\\/\\\/www.ciclesfp.cat\\\/ca\\\/#organization\"},\"image\":{\"@id\":\"https:\\\/\\\/www.ciclesfp.cat\\\/ca\\\/2024\\\/02\\\/27\\\/grafica-iii-edicio-jornada-emprenedora\\\/#primaryimage\"},\"thumbnailUrl\":\"https:\\\/\\\/www.ciclesfp.cat\\\/wp-content\\\/uploads\\\/2024\\\/02\\\/Post-Inicial.jpg\",\"articleSection\":[\"CFGS\"],\"inLanguage\":\"ca\"},{\"@type\":\"WebPage\",\"@id\":\"https:\\\/\\\/www.ciclesfp.cat\\\/ca\\\/2024\\\/02\\\/27\\\/grafica-iii-edicio-jornada-emprenedora\\\/\",\"url\":\"https:\\\/\\\/www.ciclesfp.cat\\\/ca\\\/2024\\\/02\\\/27\\\/grafica-iii-edicio-jornada-emprenedora\\\/\",\"name\":\"Gr\u00e0fica III Edici\u00f3 Jornada Emprenedora - Institut Jaume Mim\u00f3 FP\",\"isPartOf\":{\"@id\":\"https:\\\/\\\/www.ciclesfp.cat\\\/ca\\\/#website\"},\"primaryImageOfPage\":{\"@id\":\"https:\\\/\\\/www.ciclesfp.cat\\\/ca\\\/2024\\\/02\\\/27\\\/grafica-iii-edicio-jornada-emprenedora\\\/#primaryimage\"},\"image\":{\"@id\":\"https:\\\/\\\/www.ciclesfp.cat\\\/ca\\\/2024\\\/02\\\/27\\\/grafica-iii-edicio-jornada-emprenedora\\\/#primaryimage\"},\"thumbnailUrl\":\"https:\\\/\\\/www.ciclesfp.cat\\\/wp-content\\\/uploads\\\/2024\\\/02\\\/Post-Inicial.jpg\",\"datePublished\":\"2024-02-27T09:57:28+00:00\",\"dateModified\":\"2024-02-27T09:57:30+00:00\",\"breadcrumb\":{\"@id\":\"https:\\\/\\\/www.ciclesfp.cat\\\/ca\\\/2024\\\/02\\\/27\\\/grafica-iii-edicio-jornada-emprenedora\\\/#breadcrumb\"},\"inLanguage\":\"ca\",\"potentialAction\":[{\"@type\":\"ReadAction\",\"target\":[\"https:\\\/\\\/www.ciclesfp.cat\\\/ca\\\/2024\\\/02\\\/27\\\/grafica-iii-edicio-jornada-emprenedora\\\/\"]}]},{\"@type\":\"ImageObject\",\"inLanguage\":\"ca\",\"@id\":\"https:\\\/\\\/www.ciclesfp.cat\\\/ca\\\/2024\\\/02\\\/27\\\/grafica-iii-edicio-jornada-emprenedora\\\/#primaryimage\",\"url\":\"https:\\\/\\\/www.ciclesfp.cat\\\/wp-content\\\/uploads\\\/2024\\\/02\\\/Post-Inicial.jpg\",\"contentUrl\":\"https:\\\/\\\/www.ciclesfp.cat\\\/wp-content\\\/uploads\\\/2024\\\/02\\\/Post-Inicial.jpg\",\"width\":567,\"height\":568},{\"@type\":\"BreadcrumbList\",\"@id\":\"https:\\\/\\\/www.ciclesfp.cat\\\/ca\\\/2024\\\/02\\\/27\\\/grafica-iii-edicio-jornada-emprenedora\\\/#breadcrumb\",\"itemListElement\":[{\"@type\":\"ListItem\",\"position\":1,\"name\":\"Inici\",\"item\":\"https:\\\/\\\/www.ciclesfp.cat\\\/ca\\\/\"},{\"@type\":\"ListItem\",\"position\":2,\"name\":\"Gr\u00e0fica III Edici\u00f3 Jornada Emprenedora\"}]},{\"@type\":\"WebSite\",\"@id\":\"https:\\\/\\\/www.ciclesfp.cat\\\/ca\\\/#website\",\"url\":\"https:\\\/\\\/www.ciclesfp.cat\\\/ca\\\/\",\"name\":\"Institut Jaume Mim\u00f3 FP\",\"description\":\"Pensa. Actua. Transforma.\",\"publisher\":{\"@id\":\"https:\\\/\\\/www.ciclesfp.cat\\\/ca\\\/#organization\"},\"potentialAction\":[{\"@type\":\"SearchAction\",\"target\":{\"@type\":\"EntryPoint\",\"urlTemplate\":\"https:\\\/\\\/www.ciclesfp.cat\\\/ca\\\/?s={search_term_string}\"},\"query-input\":{\"@type\":\"PropertyValueSpecification\",\"valueRequired\":true,\"valueName\":\"search_term_string\"}}],\"inLanguage\":\"ca\"},{\"@type\":\"Organization\",\"@id\":\"https:\\\/\\\/www.ciclesfp.cat\\\/ca\\\/#organization\",\"name\":\"INS Jaume Mim\u00f3\",\"url\":\"https:\\\/\\\/www.ciclesfp.cat\\\/ca\\\/\",\"logo\":{\"@type\":\"ImageObject\",\"inLanguage\":\"ca\",\"@id\":\"https:\\\/\\\/www.ciclesfp.cat\\\/ca\\\/#\\\/schema\\\/logo\\\/image\\\/\",\"url\":\"https:\\\/\\\/www.ciclesfp.cat\\\/wp-content\\\/uploads\\\/2019\\\/12\\\/logotip_del_centre-623x1024.png\",\"contentUrl\":\"https:\\\/\\\/www.ciclesfp.cat\\\/wp-content\\\/uploads\\\/2019\\\/12\\\/logotip_del_centre-623x1024.png\",\"width\":623,\"height\":1024,\"caption\":\"INS Jaume Mim\u00f3\"},\"image\":{\"@id\":\"https:\\\/\\\/www.ciclesfp.cat\\\/ca\\\/#\\\/schema\\\/logo\\\/image\\\/\"},\"sameAs\":[\"https:\\\/\\\/x.com\\\/insjaumemimo\",\"https:\\\/\\\/www.instagram.com\\\/insjaumemimo\\\/\",\"https:\\\/\\\/www.youtube.com\\\/channel\\\/UCOAhr11cd5pTqhuKCUnPrCQ\\\/feed?view_as=public\"]},{\"@type\":\"Person\",\"@id\":\"https:\\\/\\\/www.ciclesfp.cat\\\/ca\\\/#\\\/schema\\\/person\\\/038def007bc8dd159b347c0d9c63c056\",\"name\":\"insjaumemimo\",\"image\":{\"@type\":\"ImageObject\",\"inLanguage\":\"ca\",\"@id\":\"https:\\\/\\\/secure.gravatar.com\\\/avatar\\\/ee376169c99a1bcc7c076b3174ac89870a1374fc1f94350cf8c8d204ed606ad0?s=96&d=mm&r=g\",\"url\":\"https:\\\/\\\/secure.gravatar.com\\\/avatar\\\/ee376169c99a1bcc7c076b3174ac89870a1374fc1f94350cf8c8d204ed606ad0?s=96&d=mm&r=g\",\"contentUrl\":\"https:\\\/\\\/secure.gravatar.com\\\/avatar\\\/ee376169c99a1bcc7c076b3174ac89870a1374fc1f94350cf8c8d204ed606ad0?s=96&d=mm&r=g\",\"caption\":\"insjaumemimo\"},\"url\":\"https:\\\/\\\/www.ciclesfp.cat\\\/ca\\\/author\\\/insjaumemimo\\\/\"}]}<\/script>\n<!-- \/ Yoast SEO plugin. -->","yoast_head_json":{"title":"Gr\u00e0fica III Edici\u00f3 Jornada Emprenedora - Institut Jaume Mim\u00f3 FP","robots":{"index":"index","follow":"follow","max-snippet":"max-snippet:-1","max-image-preview":"max-image-preview:large","max-video-preview":"max-video-preview:-1"},"canonical":"https:\/\/www.ciclesfp.cat\/ca\/2024\/02\/27\/grafica-iii-edicio-jornada-emprenedora\/","og_locale":"ca_ES","og_type":"article","og_title":"Gr\u00e0fica III Edici\u00f3 Jornada Emprenedora - Institut Jaume Mim\u00f3 FP","og_description":"L\u2019alumnat del CFGS de 1r de Gr\u00e0fica Publicit\u00e0ria, en col\u00b7laboraci\u00f3 amb el cicle de M\u00e0rqueting i Publicitat, ha donat vida a la l\u00ednia gr\u00e0fica de la Jornada Emprenedora d\u2019aquest any. Gr\u00e0fica Publicit\u00e0ria ha establert les directrius visuals, mentre M\u00e0rqueting ha adaptat els diversos formats i ha liderat l\u2019organitzaci\u00f3 de l\u2019esdeveniment. Una excel\u00b7lent mostra de treball en equip i creativitat que...","og_url":"https:\/\/www.ciclesfp.cat\/ca\/2024\/02\/27\/grafica-iii-edicio-jornada-emprenedora\/","og_site_name":"Institut Jaume Mim\u00f3 FP","article_published_time":"2024-02-27T09:57:28+00:00","article_modified_time":"2024-02-27T09:57:30+00:00","og_image":[{"width":567,"height":568,"url":"https:\/\/www.ciclesfp.cat\/wp-content\/uploads\/2024\/02\/Post-Inicial.jpg","type":"image\/jpeg"}],"author":"insjaumemimo","twitter_card":"summary_large_image","twitter_creator":"@insjaumemimo","twitter_site":"@insjaumemimo","twitter_misc":{"Escrit per":"insjaumemimo","Temps estimat de lectura":"1 minut"},"schema":{"@context":"https:\/\/schema.org","@graph":[{"@type":"Article","@id":"https:\/\/www.ciclesfp.cat\/ca\/2024\/02\/27\/grafica-iii-edicio-jornada-emprenedora\/#article","isPartOf":{"@id":"https:\/\/www.ciclesfp.cat\/ca\/2024\/02\/27\/grafica-iii-edicio-jornada-emprenedora\/"},"author":{"name":"insjaumemimo","@id":"https:\/\/www.ciclesfp.cat\/ca\/#\/schema\/person\/038def007bc8dd159b347c0d9c63c056"},"headline":"Gr\u00e0fica III Edici\u00f3 Jornada Emprenedora","datePublished":"2024-02-27T09:57:28+00:00","dateModified":"2024-02-27T09:57:30+00:00","mainEntityOfPage":{"@id":"https:\/\/www.ciclesfp.cat\/ca\/2024\/02\/27\/grafica-iii-edicio-jornada-emprenedora\/"},"wordCount":93,"publisher":{"@id":"https:\/\/www.ciclesfp.cat\/ca\/#organization"},"image":{"@id":"https:\/\/www.ciclesfp.cat\/ca\/2024\/02\/27\/grafica-iii-edicio-jornada-emprenedora\/#primaryimage"},"thumbnailUrl":"https:\/\/www.ciclesfp.cat\/wp-content\/uploads\/2024\/02\/Post-Inicial.jpg","articleSection":["CFGS"],"inLanguage":"ca"},{"@type":"WebPage","@id":"https:\/\/www.ciclesfp.cat\/ca\/2024\/02\/27\/grafica-iii-edicio-jornada-emprenedora\/","url":"https:\/\/www.ciclesfp.cat\/ca\/2024\/02\/27\/grafica-iii-edicio-jornada-emprenedora\/","name":"Gr\u00e0fica III Edici\u00f3 Jornada Emprenedora - Institut Jaume Mim\u00f3 FP","isPartOf":{"@id":"https:\/\/www.ciclesfp.cat\/ca\/#website"},"primaryImageOfPage":{"@id":"https:\/\/www.ciclesfp.cat\/ca\/2024\/02\/27\/grafica-iii-edicio-jornada-emprenedora\/#primaryimage"},"image":{"@id":"https:\/\/www.ciclesfp.cat\/ca\/2024\/02\/27\/grafica-iii-edicio-jornada-emprenedora\/#primaryimage"},"thumbnailUrl":"https:\/\/www.ciclesfp.cat\/wp-content\/uploads\/2024\/02\/Post-Inicial.jpg","datePublished":"2024-02-27T09:57:28+00:00","dateModified":"2024-02-27T09:57:30+00:00","breadcrumb":{"@id":"https:\/\/www.ciclesfp.cat\/ca\/2024\/02\/27\/grafica-iii-edicio-jornada-emprenedora\/#breadcrumb"},"inLanguage":"ca","potentialAction":[{"@type":"ReadAction","target":["https:\/\/www.ciclesfp.cat\/ca\/2024\/02\/27\/grafica-iii-edicio-jornada-emprenedora\/"]}]},{"@type":"ImageObject","inLanguage":"ca","@id":"https:\/\/www.ciclesfp.cat\/ca\/2024\/02\/27\/grafica-iii-edicio-jornada-emprenedora\/#primaryimage","url":"https:\/\/www.ciclesfp.cat\/wp-content\/uploads\/2024\/02\/Post-Inicial.jpg","contentUrl":"https:\/\/www.ciclesfp.cat\/wp-content\/uploads\/2024\/02\/Post-Inicial.jpg","width":567,"height":568},{"@type":"BreadcrumbList","@id":"https:\/\/www.ciclesfp.cat\/ca\/2024\/02\/27\/grafica-iii-edicio-jornada-emprenedora\/#breadcrumb","itemListElement":[{"@type":"ListItem","position":1,"name":"Inici","item":"https:\/\/www.ciclesfp.cat\/ca\/"},{"@type":"ListItem","position":2,"name":"Gr\u00e0fica III Edici\u00f3 Jornada Emprenedora"}]},{"@type":"WebSite","@id":"https:\/\/www.ciclesfp.cat\/ca\/#website","url":"https:\/\/www.ciclesfp.cat\/ca\/","name":"Institut Jaume Mim\u00f3 FP","description":"Pensa. Actua. Transforma.","publisher":{"@id":"https:\/\/www.ciclesfp.cat\/ca\/#organization"},"potentialAction":[{"@type":"SearchAction","target":{"@type":"EntryPoint","urlTemplate":"https:\/\/www.ciclesfp.cat\/ca\/?s={search_term_string}"},"query-input":{"@type":"PropertyValueSpecification","valueRequired":true,"valueName":"search_term_string"}}],"inLanguage":"ca"},{"@type":"Organization","@id":"https:\/\/www.ciclesfp.cat\/ca\/#organization","name":"INS Jaume Mim\u00f3","url":"https:\/\/www.ciclesfp.cat\/ca\/","logo":{"@type":"ImageObject","inLanguage":"ca","@id":"https:\/\/www.ciclesfp.cat\/ca\/#\/schema\/logo\/image\/","url":"https:\/\/www.ciclesfp.cat\/wp-content\/uploads\/2019\/12\/logotip_del_centre-623x1024.png","contentUrl":"https:\/\/www.ciclesfp.cat\/wp-content\/uploads\/2019\/12\/logotip_del_centre-623x1024.png","width":623,"height":1024,"caption":"INS Jaume Mim\u00f3"},"image":{"@id":"https:\/\/www.ciclesfp.cat\/ca\/#\/schema\/logo\/image\/"},"sameAs":["https:\/\/x.com\/insjaumemimo","https:\/\/www.instagram.com\/insjaumemimo\/","https:\/\/www.youtube.com\/channel\/UCOAhr11cd5pTqhuKCUnPrCQ\/feed?view_as=public"]},{"@type":"Person","@id":"https:\/\/www.ciclesfp.cat\/ca\/#\/schema\/person\/038def007bc8dd159b347c0d9c63c056","name":"insjaumemimo","image":{"@type":"ImageObject","inLanguage":"ca","@id":"https:\/\/secure.gravatar.com\/avatar\/ee376169c99a1bcc7c076b3174ac89870a1374fc1f94350cf8c8d204ed606ad0?s=96&d=mm&r=g","url":"https:\/\/secure.gravatar.com\/avatar\/ee376169c99a1bcc7c076b3174ac89870a1374fc1f94350cf8c8d204ed606ad0?s=96&d=mm&r=g","contentUrl":"https:\/\/secure.gravatar.com\/avatar\/ee376169c99a1bcc7c076b3174ac89870a1374fc1f94350cf8c8d204ed606ad0?s=96&d=mm&r=g","caption":"insjaumemimo"},"url":"https:\/\/www.ciclesfp.cat\/ca\/author\/insjaumemimo\/"}]}},"_links":{"self":[{"href":"https:\/\/www.ciclesfp.cat\/ca\/wp-json\/wp\/v2\/posts\/7894","targetHints":{"allow":["GET"]}}],"collection":[{"href":"https:\/\/www.ciclesfp.cat\/ca\/wp-json\/wp\/v2\/posts"}],"about":[{"href":"https:\/\/www.ciclesfp.cat\/ca\/wp-json\/wp\/v2\/types\/post"}],"author":[{"embeddable":true,"href":"https:\/\/www.ciclesfp.cat\/ca\/wp-json\/wp\/v2\/users\/1"}],"replies":[{"embeddable":true,"href":"https:\/\/www.ciclesfp.cat\/ca\/wp-json\/wp\/v2\/comments?post=7894"}],"version-history":[{"count":1,"href":"https:\/\/www.ciclesfp.cat\/ca\/wp-json\/wp\/v2\/posts\/7894\/revisions"}],"predecessor-version":[{"id":7895,"href":"https:\/\/www.ciclesfp.cat\/ca\/wp-json\/wp\/v2\/posts\/7894\/revisions\/7895"}],"wp:featuredmedia":[{"embeddable":true,"href":"https:\/\/www.ciclesfp.cat\/ca\/wp-json\/wp\/v2\/media\/7890"}],"wp:attachment":[{"href":"https:\/\/www.ciclesfp.cat\/ca\/wp-json\/wp\/v2\/media?parent=7894"}],"wp:term":[{"taxonomy":"category","embeddable":true,"href":"https:\/\/www.ciclesfp.cat\/ca\/wp-json\/wp\/v2\/categories?post=7894"},{"taxonomy":"post_tag","embeddable":true,"href":"https:\/\/www.ciclesfp.cat\/ca\/wp-json\/wp\/v2\/tags?post=7894"}],"curies":[{"name":"wp","href":"https:\/\/api.w.org\/{rel}","templated":true}]}}