{"id":7883,"date":"2024-02-28T09:00:00","date_gmt":"2024-02-28T07:00:00","guid":{"rendered":"https:\/\/www.ciclesfp.cat\/?p=7883"},"modified":"2024-02-26T11:25:43","modified_gmt":"2024-02-26T09:25:43","slug":"comissio-de-seguiment-a-pekos-valves-slu","status":"publish","type":"post","link":"https:\/\/www.ciclesfp.cat\/ca\/2024\/02\/28\/comissio-de-seguiment-a-pekos-valves-slu\/","title":{"rendered":"Comissi\u00f3 de seguiment a PEKOS VALVES SLU"},"content":{"rendered":"\n<p>La setmana passada v\u00e0rem visitar&nbsp;PEKOS&nbsp;VALVES a Montmel\u00f3 per realitzar la comissi\u00f3 de seguiment, on hem valorat el nostre alumnat de comer\u00e7 internacional; i hem acordat les pr\u00f2ximes places de dual.&nbsp;PEKOS&nbsp;ja ens ha acollit 2 promocions&nbsp;dual, i anem cap a la&nbsp;3\u00aa.<\/p>\n\n\n\n<p>Ens va atendre S\u00f2nia\u00a0Lorenzo, responsable de\u00a0RRHH. De part del nostre centre, ha assistit Raquel\u00a0Capellino\u00a0(coordinadora de pr\u00e0ctiques), i Xavi Catal\u00e0 (responsable d&#8217;empreses). La visita ha estat molt gratificant, sobretot per veure l&#8217;alumnat tan a gust, i tamb\u00e9 per veure\u00a0ex-alumnat\u00a0que s&#8217;hi va quedar contractat.<\/p>\n\n\n\n<figure class=\"wp-block-gallery has-nested-images columns-default is-cropped wp-block-gallery-1 is-layout-flex wp-block-gallery-is-layout-flex\">\n<figure class=\"wp-block-image size-large\"><img fetchpriority=\"high\" decoding=\"async\" width=\"1024\" height=\"1024\" data-id=\"7884\" src=\"https:\/\/www.ciclesfp.cat\/wp-content\/uploads\/2024\/02\/pekos_dual_2-Dual-INS-Jaume-Mimo-1024x1024.jpg\" alt=\"\" class=\"wp-image-7884\" srcset=\"https:\/\/www.ciclesfp.cat\/wp-content\/uploads\/2024\/02\/pekos_dual_2-Dual-INS-Jaume-Mimo-1024x1024.jpg 1024w, https:\/\/www.ciclesfp.cat\/wp-content\/uploads\/2024\/02\/pekos_dual_2-Dual-INS-Jaume-Mimo-300x300.jpg 300w, https:\/\/www.ciclesfp.cat\/wp-content\/uploads\/2024\/02\/pekos_dual_2-Dual-INS-Jaume-Mimo-150x150.jpg 150w, https:\/\/www.ciclesfp.cat\/wp-content\/uploads\/2024\/02\/pekos_dual_2-Dual-INS-Jaume-Mimo-768x768.jpg 768w, https:\/\/www.ciclesfp.cat\/wp-content\/uploads\/2024\/02\/pekos_dual_2-Dual-INS-Jaume-Mimo-1536x1536.jpg 1536w, https:\/\/www.ciclesfp.cat\/wp-content\/uploads\/2024\/02\/pekos_dual_2-Dual-INS-Jaume-Mimo-2048x2048.jpg 2048w, https:\/\/www.ciclesfp.cat\/wp-content\/uploads\/2024\/02\/pekos_dual_2-Dual-INS-Jaume-Mimo-570x570.jpg 570w, https:\/\/www.ciclesfp.cat\/wp-content\/uploads\/2024\/02\/pekos_dual_2-Dual-INS-Jaume-Mimo-500x500.jpg 500w, https:\/\/www.ciclesfp.cat\/wp-content\/uploads\/2024\/02\/pekos_dual_2-Dual-INS-Jaume-Mimo-1000x1000.jpg 1000w, https:\/\/www.ciclesfp.cat\/wp-content\/uploads\/2024\/02\/pekos_dual_2-Dual-INS-Jaume-Mimo-700x700.jpg 700w\" sizes=\"(max-width: 1024px) 100vw, 1024px\" \/><\/figure>\n\n\n\n<figure class=\"wp-block-image size-large\"><img decoding=\"async\" width=\"1024\" height=\"1024\" data-id=\"7886\" src=\"https:\/\/www.ciclesfp.cat\/wp-content\/uploads\/2024\/02\/pekos_dual_1-Dual-INS-Jaume-Mimo-1024x1024.jpg\" alt=\"\" class=\"wp-image-7886\" srcset=\"https:\/\/www.ciclesfp.cat\/wp-content\/uploads\/2024\/02\/pekos_dual_1-Dual-INS-Jaume-Mimo-1024x1024.jpg 1024w, https:\/\/www.ciclesfp.cat\/wp-content\/uploads\/2024\/02\/pekos_dual_1-Dual-INS-Jaume-Mimo-300x300.jpg 300w, https:\/\/www.ciclesfp.cat\/wp-content\/uploads\/2024\/02\/pekos_dual_1-Dual-INS-Jaume-Mimo-150x150.jpg 150w, https:\/\/www.ciclesfp.cat\/wp-content\/uploads\/2024\/02\/pekos_dual_1-Dual-INS-Jaume-Mimo-768x768.jpg 768w, https:\/\/www.ciclesfp.cat\/wp-content\/uploads\/2024\/02\/pekos_dual_1-Dual-INS-Jaume-Mimo-1536x1536.jpg 1536w, https:\/\/www.ciclesfp.cat\/wp-content\/uploads\/2024\/02\/pekos_dual_1-Dual-INS-Jaume-Mimo-2048x2048.jpg 2048w, https:\/\/www.ciclesfp.cat\/wp-content\/uploads\/2024\/02\/pekos_dual_1-Dual-INS-Jaume-Mimo-570x570.jpg 570w, https:\/\/www.ciclesfp.cat\/wp-content\/uploads\/2024\/02\/pekos_dual_1-Dual-INS-Jaume-Mimo-500x500.jpg 500w, https:\/\/www.ciclesfp.cat\/wp-content\/uploads\/2024\/02\/pekos_dual_1-Dual-INS-Jaume-Mimo-1000x1000.jpg 1000w, https:\/\/www.ciclesfp.cat\/wp-content\/uploads\/2024\/02\/pekos_dual_1-Dual-INS-Jaume-Mimo-700x700.jpg 700w\" sizes=\"(max-width: 1024px) 100vw, 1024px\" \/><\/figure>\n<\/figure>\n\n\n\n<figure class=\"wp-block-gallery has-nested-images columns-default is-cropped wp-block-gallery-2 is-layout-flex wp-block-gallery-is-layout-flex\"><\/figure>\n","protected":false},"excerpt":{"rendered":"<p>La setmana passada v\u00e0rem visitar&nbsp;PEKOS&nbsp;VALVES a Montmel\u00f3 per realitzar la comissi\u00f3 de seguiment, on hem valorat el nostre alumnat de comer\u00e7 internacional; i hem acordat les pr\u00f2ximes places de dual.&nbsp;PEKOS&nbsp;ja ens ha acollit 2 promocions&nbsp;dual, i anem cap a la&nbsp;3\u00aa. Ens va atendre S\u00f2nia\u00a0Lorenzo, responsable de\u00a0RRHH. De part del nostre centre, ha assistit Raquel\u00a0Capellino\u00a0(coordinadora de pr\u00e0ctiques), i Xavi Catal\u00e0 (responsable&#8230;<\/p>\n","protected":false},"author":1,"featured_media":7886,"comment_status":"closed","ping_status":"closed","sticky":false,"template":"","format":"standard","meta":{"footnotes":""},"categories":[9],"tags":[],"class_list":["post-7883","post","type-post","status-publish","format-standard","has-post-thumbnail","hentry","category-cfgs"],"yoast_head":"<!-- This site is optimized with the Yoast SEO plugin v27.5 - https:\/\/yoast.com\/product\/yoast-seo-wordpress\/ -->\n<title>Comissi\u00f3 de seguiment a PEKOS VALVES SLU - Institut Jaume Mim\u00f3 FP<\/title>\n<meta name=\"robots\" content=\"index, follow, max-snippet:-1, max-image-preview:large, max-video-preview:-1\" \/>\n<link rel=\"canonical\" href=\"https:\/\/www.ciclesfp.cat\/ca\/2024\/02\/28\/comissio-de-seguiment-a-pekos-valves-slu\/\" \/>\n<meta property=\"og:locale\" content=\"ca_ES\" \/>\n<meta property=\"og:type\" content=\"article\" \/>\n<meta property=\"og:title\" content=\"Comissi\u00f3 de seguiment a PEKOS VALVES SLU - Institut Jaume Mim\u00f3 FP\" \/>\n<meta property=\"og:description\" content=\"La setmana passada v\u00e0rem visitar&nbsp;PEKOS&nbsp;VALVES a Montmel\u00f3 per realitzar la comissi\u00f3 de seguiment, on hem valorat el nostre alumnat de comer\u00e7 internacional; i hem acordat les pr\u00f2ximes places de dual.&nbsp;PEKOS&nbsp;ja ens ha acollit 2 promocions&nbsp;dual, i anem cap a la&nbsp;3\u00aa. Ens va atendre S\u00f2nia\u00a0Lorenzo, responsable de\u00a0RRHH. De part del nostre centre, ha assistit Raquel\u00a0Capellino\u00a0(coordinadora de pr\u00e0ctiques), i Xavi Catal\u00e0 (responsable...\" \/>\n<meta property=\"og:url\" content=\"https:\/\/www.ciclesfp.cat\/ca\/2024\/02\/28\/comissio-de-seguiment-a-pekos-valves-slu\/\" \/>\n<meta property=\"og:site_name\" content=\"Institut Jaume Mim\u00f3 FP\" \/>\n<meta property=\"article:published_time\" content=\"2024-02-28T07:00:00+00:00\" \/>\n<meta property=\"og:image\" content=\"https:\/\/www.ciclesfp.cat\/wp-content\/uploads\/2024\/02\/pekos_dual_1-Dual-INS-Jaume-Mimo.jpg\" \/>\n\t<meta property=\"og:image:width\" content=\"2272\" \/>\n\t<meta property=\"og:image:height\" content=\"2272\" \/>\n\t<meta property=\"og:image:type\" content=\"image\/jpeg\" \/>\n<meta name=\"author\" content=\"insjaumemimo\" \/>\n<meta name=\"twitter:card\" content=\"summary_large_image\" \/>\n<meta name=\"twitter:creator\" content=\"@insjaumemimo\" \/>\n<meta name=\"twitter:site\" content=\"@insjaumemimo\" \/>\n<meta name=\"twitter:label1\" content=\"Escrit per\" \/>\n\t<meta name=\"twitter:data1\" content=\"insjaumemimo\" \/>\n\t<meta name=\"twitter:label2\" content=\"Temps estimat de lectura\" \/>\n\t<meta name=\"twitter:data2\" content=\"2 minuts\" \/>\n<script type=\"application\/ld+json\" class=\"yoast-schema-graph\">{\"@context\":\"https:\\\/\\\/schema.org\",\"@graph\":[{\"@type\":\"Article\",\"@id\":\"https:\\\/\\\/www.ciclesfp.cat\\\/ca\\\/2024\\\/02\\\/28\\\/comissio-de-seguiment-a-pekos-valves-slu\\\/#article\",\"isPartOf\":{\"@id\":\"https:\\\/\\\/www.ciclesfp.cat\\\/ca\\\/2024\\\/02\\\/28\\\/comissio-de-seguiment-a-pekos-valves-slu\\\/\"},\"author\":{\"name\":\"insjaumemimo\",\"@id\":\"https:\\\/\\\/www.ciclesfp.cat\\\/ca\\\/#\\\/schema\\\/person\\\/038def007bc8dd159b347c0d9c63c056\"},\"headline\":\"Comissi\u00f3 de seguiment a PEKOS VALVES SLU\",\"datePublished\":\"2024-02-28T07:00:00+00:00\",\"mainEntityOfPage\":{\"@id\":\"https:\\\/\\\/www.ciclesfp.cat\\\/ca\\\/2024\\\/02\\\/28\\\/comissio-de-seguiment-a-pekos-valves-slu\\\/\"},\"wordCount\":109,\"publisher\":{\"@id\":\"https:\\\/\\\/www.ciclesfp.cat\\\/ca\\\/#organization\"},\"image\":{\"@id\":\"https:\\\/\\\/www.ciclesfp.cat\\\/ca\\\/2024\\\/02\\\/28\\\/comissio-de-seguiment-a-pekos-valves-slu\\\/#primaryimage\"},\"thumbnailUrl\":\"https:\\\/\\\/www.ciclesfp.cat\\\/wp-content\\\/uploads\\\/2024\\\/02\\\/pekos_dual_1-Dual-INS-Jaume-Mimo.jpg\",\"articleSection\":[\"CFGS\"],\"inLanguage\":\"ca\"},{\"@type\":\"WebPage\",\"@id\":\"https:\\\/\\\/www.ciclesfp.cat\\\/ca\\\/2024\\\/02\\\/28\\\/comissio-de-seguiment-a-pekos-valves-slu\\\/\",\"url\":\"https:\\\/\\\/www.ciclesfp.cat\\\/ca\\\/2024\\\/02\\\/28\\\/comissio-de-seguiment-a-pekos-valves-slu\\\/\",\"name\":\"Comissi\u00f3 de seguiment a PEKOS VALVES SLU - Institut Jaume Mim\u00f3 FP\",\"isPartOf\":{\"@id\":\"https:\\\/\\\/www.ciclesfp.cat\\\/ca\\\/#website\"},\"primaryImageOfPage\":{\"@id\":\"https:\\\/\\\/www.ciclesfp.cat\\\/ca\\\/2024\\\/02\\\/28\\\/comissio-de-seguiment-a-pekos-valves-slu\\\/#primaryimage\"},\"image\":{\"@id\":\"https:\\\/\\\/www.ciclesfp.cat\\\/ca\\\/2024\\\/02\\\/28\\\/comissio-de-seguiment-a-pekos-valves-slu\\\/#primaryimage\"},\"thumbnailUrl\":\"https:\\\/\\\/www.ciclesfp.cat\\\/wp-content\\\/uploads\\\/2024\\\/02\\\/pekos_dual_1-Dual-INS-Jaume-Mimo.jpg\",\"datePublished\":\"2024-02-28T07:00:00+00:00\",\"breadcrumb\":{\"@id\":\"https:\\\/\\\/www.ciclesfp.cat\\\/ca\\\/2024\\\/02\\\/28\\\/comissio-de-seguiment-a-pekos-valves-slu\\\/#breadcrumb\"},\"inLanguage\":\"ca\",\"potentialAction\":[{\"@type\":\"ReadAction\",\"target\":[\"https:\\\/\\\/www.ciclesfp.cat\\\/ca\\\/2024\\\/02\\\/28\\\/comissio-de-seguiment-a-pekos-valves-slu\\\/\"]}]},{\"@type\":\"ImageObject\",\"inLanguage\":\"ca\",\"@id\":\"https:\\\/\\\/www.ciclesfp.cat\\\/ca\\\/2024\\\/02\\\/28\\\/comissio-de-seguiment-a-pekos-valves-slu\\\/#primaryimage\",\"url\":\"https:\\\/\\\/www.ciclesfp.cat\\\/wp-content\\\/uploads\\\/2024\\\/02\\\/pekos_dual_1-Dual-INS-Jaume-Mimo.jpg\",\"contentUrl\":\"https:\\\/\\\/www.ciclesfp.cat\\\/wp-content\\\/uploads\\\/2024\\\/02\\\/pekos_dual_1-Dual-INS-Jaume-Mimo.jpg\",\"width\":2272,\"height\":2272},{\"@type\":\"BreadcrumbList\",\"@id\":\"https:\\\/\\\/www.ciclesfp.cat\\\/ca\\\/2024\\\/02\\\/28\\\/comissio-de-seguiment-a-pekos-valves-slu\\\/#breadcrumb\",\"itemListElement\":[{\"@type\":\"ListItem\",\"position\":1,\"name\":\"Inici\",\"item\":\"https:\\\/\\\/www.ciclesfp.cat\\\/ca\\\/\"},{\"@type\":\"ListItem\",\"position\":2,\"name\":\"Comissi\u00f3 de seguiment a PEKOS VALVES SLU\"}]},{\"@type\":\"WebSite\",\"@id\":\"https:\\\/\\\/www.ciclesfp.cat\\\/ca\\\/#website\",\"url\":\"https:\\\/\\\/www.ciclesfp.cat\\\/ca\\\/\",\"name\":\"Institut Jaume Mim\u00f3 FP\",\"description\":\"Pensa. Actua. Transforma.\",\"publisher\":{\"@id\":\"https:\\\/\\\/www.ciclesfp.cat\\\/ca\\\/#organization\"},\"potentialAction\":[{\"@type\":\"SearchAction\",\"target\":{\"@type\":\"EntryPoint\",\"urlTemplate\":\"https:\\\/\\\/www.ciclesfp.cat\\\/ca\\\/?s={search_term_string}\"},\"query-input\":{\"@type\":\"PropertyValueSpecification\",\"valueRequired\":true,\"valueName\":\"search_term_string\"}}],\"inLanguage\":\"ca\"},{\"@type\":\"Organization\",\"@id\":\"https:\\\/\\\/www.ciclesfp.cat\\\/ca\\\/#organization\",\"name\":\"INS Jaume Mim\u00f3\",\"url\":\"https:\\\/\\\/www.ciclesfp.cat\\\/ca\\\/\",\"logo\":{\"@type\":\"ImageObject\",\"inLanguage\":\"ca\",\"@id\":\"https:\\\/\\\/www.ciclesfp.cat\\\/ca\\\/#\\\/schema\\\/logo\\\/image\\\/\",\"url\":\"https:\\\/\\\/www.ciclesfp.cat\\\/wp-content\\\/uploads\\\/2019\\\/12\\\/logotip_del_centre-623x1024.png\",\"contentUrl\":\"https:\\\/\\\/www.ciclesfp.cat\\\/wp-content\\\/uploads\\\/2019\\\/12\\\/logotip_del_centre-623x1024.png\",\"width\":623,\"height\":1024,\"caption\":\"INS Jaume Mim\u00f3\"},\"image\":{\"@id\":\"https:\\\/\\\/www.ciclesfp.cat\\\/ca\\\/#\\\/schema\\\/logo\\\/image\\\/\"},\"sameAs\":[\"https:\\\/\\\/x.com\\\/insjaumemimo\",\"https:\\\/\\\/www.instagram.com\\\/insjaumemimo\\\/\",\"https:\\\/\\\/www.youtube.com\\\/channel\\\/UCOAhr11cd5pTqhuKCUnPrCQ\\\/feed?view_as=public\"]},{\"@type\":\"Person\",\"@id\":\"https:\\\/\\\/www.ciclesfp.cat\\\/ca\\\/#\\\/schema\\\/person\\\/038def007bc8dd159b347c0d9c63c056\",\"name\":\"insjaumemimo\",\"image\":{\"@type\":\"ImageObject\",\"inLanguage\":\"ca\",\"@id\":\"https:\\\/\\\/secure.gravatar.com\\\/avatar\\\/ee376169c99a1bcc7c076b3174ac89870a1374fc1f94350cf8c8d204ed606ad0?s=96&d=mm&r=g\",\"url\":\"https:\\\/\\\/secure.gravatar.com\\\/avatar\\\/ee376169c99a1bcc7c076b3174ac89870a1374fc1f94350cf8c8d204ed606ad0?s=96&d=mm&r=g\",\"contentUrl\":\"https:\\\/\\\/secure.gravatar.com\\\/avatar\\\/ee376169c99a1bcc7c076b3174ac89870a1374fc1f94350cf8c8d204ed606ad0?s=96&d=mm&r=g\",\"caption\":\"insjaumemimo\"},\"url\":\"https:\\\/\\\/www.ciclesfp.cat\\\/ca\\\/author\\\/insjaumemimo\\\/\"}]}<\/script>\n<!-- \/ Yoast SEO plugin. -->","yoast_head_json":{"title":"Comissi\u00f3 de seguiment a PEKOS VALVES SLU - Institut Jaume Mim\u00f3 FP","robots":{"index":"index","follow":"follow","max-snippet":"max-snippet:-1","max-image-preview":"max-image-preview:large","max-video-preview":"max-video-preview:-1"},"canonical":"https:\/\/www.ciclesfp.cat\/ca\/2024\/02\/28\/comissio-de-seguiment-a-pekos-valves-slu\/","og_locale":"ca_ES","og_type":"article","og_title":"Comissi\u00f3 de seguiment a PEKOS VALVES SLU - Institut Jaume Mim\u00f3 FP","og_description":"La setmana passada v\u00e0rem visitar&nbsp;PEKOS&nbsp;VALVES a Montmel\u00f3 per realitzar la comissi\u00f3 de seguiment, on hem valorat el nostre alumnat de comer\u00e7 internacional; i hem acordat les pr\u00f2ximes places de dual.&nbsp;PEKOS&nbsp;ja ens ha acollit 2 promocions&nbsp;dual, i anem cap a la&nbsp;3\u00aa. Ens va atendre S\u00f2nia\u00a0Lorenzo, responsable de\u00a0RRHH. De part del nostre centre, ha assistit Raquel\u00a0Capellino\u00a0(coordinadora de pr\u00e0ctiques), i Xavi Catal\u00e0 (responsable...","og_url":"https:\/\/www.ciclesfp.cat\/ca\/2024\/02\/28\/comissio-de-seguiment-a-pekos-valves-slu\/","og_site_name":"Institut Jaume Mim\u00f3 FP","article_published_time":"2024-02-28T07:00:00+00:00","og_image":[{"width":2272,"height":2272,"url":"https:\/\/www.ciclesfp.cat\/wp-content\/uploads\/2024\/02\/pekos_dual_1-Dual-INS-Jaume-Mimo.jpg","type":"image\/jpeg"}],"author":"insjaumemimo","twitter_card":"summary_large_image","twitter_creator":"@insjaumemimo","twitter_site":"@insjaumemimo","twitter_misc":{"Escrit per":"insjaumemimo","Temps estimat de lectura":"2 minuts"},"schema":{"@context":"https:\/\/schema.org","@graph":[{"@type":"Article","@id":"https:\/\/www.ciclesfp.cat\/ca\/2024\/02\/28\/comissio-de-seguiment-a-pekos-valves-slu\/#article","isPartOf":{"@id":"https:\/\/www.ciclesfp.cat\/ca\/2024\/02\/28\/comissio-de-seguiment-a-pekos-valves-slu\/"},"author":{"name":"insjaumemimo","@id":"https:\/\/www.ciclesfp.cat\/ca\/#\/schema\/person\/038def007bc8dd159b347c0d9c63c056"},"headline":"Comissi\u00f3 de seguiment a PEKOS VALVES SLU","datePublished":"2024-02-28T07:00:00+00:00","mainEntityOfPage":{"@id":"https:\/\/www.ciclesfp.cat\/ca\/2024\/02\/28\/comissio-de-seguiment-a-pekos-valves-slu\/"},"wordCount":109,"publisher":{"@id":"https:\/\/www.ciclesfp.cat\/ca\/#organization"},"image":{"@id":"https:\/\/www.ciclesfp.cat\/ca\/2024\/02\/28\/comissio-de-seguiment-a-pekos-valves-slu\/#primaryimage"},"thumbnailUrl":"https:\/\/www.ciclesfp.cat\/wp-content\/uploads\/2024\/02\/pekos_dual_1-Dual-INS-Jaume-Mimo.jpg","articleSection":["CFGS"],"inLanguage":"ca"},{"@type":"WebPage","@id":"https:\/\/www.ciclesfp.cat\/ca\/2024\/02\/28\/comissio-de-seguiment-a-pekos-valves-slu\/","url":"https:\/\/www.ciclesfp.cat\/ca\/2024\/02\/28\/comissio-de-seguiment-a-pekos-valves-slu\/","name":"Comissi\u00f3 de seguiment a PEKOS VALVES SLU - Institut Jaume Mim\u00f3 FP","isPartOf":{"@id":"https:\/\/www.ciclesfp.cat\/ca\/#website"},"primaryImageOfPage":{"@id":"https:\/\/www.ciclesfp.cat\/ca\/2024\/02\/28\/comissio-de-seguiment-a-pekos-valves-slu\/#primaryimage"},"image":{"@id":"https:\/\/www.ciclesfp.cat\/ca\/2024\/02\/28\/comissio-de-seguiment-a-pekos-valves-slu\/#primaryimage"},"thumbnailUrl":"https:\/\/www.ciclesfp.cat\/wp-content\/uploads\/2024\/02\/pekos_dual_1-Dual-INS-Jaume-Mimo.jpg","datePublished":"2024-02-28T07:00:00+00:00","breadcrumb":{"@id":"https:\/\/www.ciclesfp.cat\/ca\/2024\/02\/28\/comissio-de-seguiment-a-pekos-valves-slu\/#breadcrumb"},"inLanguage":"ca","potentialAction":[{"@type":"ReadAction","target":["https:\/\/www.ciclesfp.cat\/ca\/2024\/02\/28\/comissio-de-seguiment-a-pekos-valves-slu\/"]}]},{"@type":"ImageObject","inLanguage":"ca","@id":"https:\/\/www.ciclesfp.cat\/ca\/2024\/02\/28\/comissio-de-seguiment-a-pekos-valves-slu\/#primaryimage","url":"https:\/\/www.ciclesfp.cat\/wp-content\/uploads\/2024\/02\/pekos_dual_1-Dual-INS-Jaume-Mimo.jpg","contentUrl":"https:\/\/www.ciclesfp.cat\/wp-content\/uploads\/2024\/02\/pekos_dual_1-Dual-INS-Jaume-Mimo.jpg","width":2272,"height":2272},{"@type":"BreadcrumbList","@id":"https:\/\/www.ciclesfp.cat\/ca\/2024\/02\/28\/comissio-de-seguiment-a-pekos-valves-slu\/#breadcrumb","itemListElement":[{"@type":"ListItem","position":1,"name":"Inici","item":"https:\/\/www.ciclesfp.cat\/ca\/"},{"@type":"ListItem","position":2,"name":"Comissi\u00f3 de seguiment a PEKOS VALVES SLU"}]},{"@type":"WebSite","@id":"https:\/\/www.ciclesfp.cat\/ca\/#website","url":"https:\/\/www.ciclesfp.cat\/ca\/","name":"Institut Jaume Mim\u00f3 FP","description":"Pensa. Actua. Transforma.","publisher":{"@id":"https:\/\/www.ciclesfp.cat\/ca\/#organization"},"potentialAction":[{"@type":"SearchAction","target":{"@type":"EntryPoint","urlTemplate":"https:\/\/www.ciclesfp.cat\/ca\/?s={search_term_string}"},"query-input":{"@type":"PropertyValueSpecification","valueRequired":true,"valueName":"search_term_string"}}],"inLanguage":"ca"},{"@type":"Organization","@id":"https:\/\/www.ciclesfp.cat\/ca\/#organization","name":"INS Jaume Mim\u00f3","url":"https:\/\/www.ciclesfp.cat\/ca\/","logo":{"@type":"ImageObject","inLanguage":"ca","@id":"https:\/\/www.ciclesfp.cat\/ca\/#\/schema\/logo\/image\/","url":"https:\/\/www.ciclesfp.cat\/wp-content\/uploads\/2019\/12\/logotip_del_centre-623x1024.png","contentUrl":"https:\/\/www.ciclesfp.cat\/wp-content\/uploads\/2019\/12\/logotip_del_centre-623x1024.png","width":623,"height":1024,"caption":"INS Jaume Mim\u00f3"},"image":{"@id":"https:\/\/www.ciclesfp.cat\/ca\/#\/schema\/logo\/image\/"},"sameAs":["https:\/\/x.com\/insjaumemimo","https:\/\/www.instagram.com\/insjaumemimo\/","https:\/\/www.youtube.com\/channel\/UCOAhr11cd5pTqhuKCUnPrCQ\/feed?view_as=public"]},{"@type":"Person","@id":"https:\/\/www.ciclesfp.cat\/ca\/#\/schema\/person\/038def007bc8dd159b347c0d9c63c056","name":"insjaumemimo","image":{"@type":"ImageObject","inLanguage":"ca","@id":"https:\/\/secure.gravatar.com\/avatar\/ee376169c99a1bcc7c076b3174ac89870a1374fc1f94350cf8c8d204ed606ad0?s=96&d=mm&r=g","url":"https:\/\/secure.gravatar.com\/avatar\/ee376169c99a1bcc7c076b3174ac89870a1374fc1f94350cf8c8d204ed606ad0?s=96&d=mm&r=g","contentUrl":"https:\/\/secure.gravatar.com\/avatar\/ee376169c99a1bcc7c076b3174ac89870a1374fc1f94350cf8c8d204ed606ad0?s=96&d=mm&r=g","caption":"insjaumemimo"},"url":"https:\/\/www.ciclesfp.cat\/ca\/author\/insjaumemimo\/"}]}},"_links":{"self":[{"href":"https:\/\/www.ciclesfp.cat\/ca\/wp-json\/wp\/v2\/posts\/7883","targetHints":{"allow":["GET"]}}],"collection":[{"href":"https:\/\/www.ciclesfp.cat\/ca\/wp-json\/wp\/v2\/posts"}],"about":[{"href":"https:\/\/www.ciclesfp.cat\/ca\/wp-json\/wp\/v2\/types\/post"}],"author":[{"embeddable":true,"href":"https:\/\/www.ciclesfp.cat\/ca\/wp-json\/wp\/v2\/users\/1"}],"replies":[{"embeddable":true,"href":"https:\/\/www.ciclesfp.cat\/ca\/wp-json\/wp\/v2\/comments?post=7883"}],"version-history":[{"count":1,"href":"https:\/\/www.ciclesfp.cat\/ca\/wp-json\/wp\/v2\/posts\/7883\/revisions"}],"predecessor-version":[{"id":7888,"href":"https:\/\/www.ciclesfp.cat\/ca\/wp-json\/wp\/v2\/posts\/7883\/revisions\/7888"}],"wp:featuredmedia":[{"embeddable":true,"href":"https:\/\/www.ciclesfp.cat\/ca\/wp-json\/wp\/v2\/media\/7886"}],"wp:attachment":[{"href":"https:\/\/www.ciclesfp.cat\/ca\/wp-json\/wp\/v2\/media?parent=7883"}],"wp:term":[{"taxonomy":"category","embeddable":true,"href":"https:\/\/www.ciclesfp.cat\/ca\/wp-json\/wp\/v2\/categories?post=7883"},{"taxonomy":"post_tag","embeddable":true,"href":"https:\/\/www.ciclesfp.cat\/ca\/wp-json\/wp\/v2\/tags?post=7883"}],"curies":[{"name":"wp","href":"https:\/\/api.w.org\/{rel}","templated":true}]}}