{"id":7855,"date":"2024-02-16T14:49:19","date_gmt":"2024-02-16T12:49:19","guid":{"rendered":"https:\/\/www.ciclesfp.cat\/?p=7855"},"modified":"2024-02-16T14:49:21","modified_gmt":"2024-02-16T12:49:21","slug":"projecte-grafica-publicitaria-departament-deducacio","status":"publish","type":"post","link":"https:\/\/www.ciclesfp.cat\/ca\/2024\/02\/16\/projecte-grafica-publicitaria-departament-deducacio\/","title":{"rendered":"Projecte gr\u00e0fica publicit\u00e0ria departament d\u2019educaci\u00f3"},"content":{"rendered":"\n<p>Projecte de Gr\u00e0fica Publicit\u00e0ria per al Programa d\u2019Innovaci\u00f3 TALENT CREATIU I EMPRESA, del Departament d\u2019Educaci\u00f3.<\/p>\n\n\n\n<p>Estem encantats de compartir amb vosaltres el fruit del treball del primer quadrimestre dels estudiants de 2n de gr\u00e0fica publicit\u00e0ria.<\/p>\n\n\n\n<p>En col\u00b7laboraci\u00f3 amb la Generalitat, concretament amb el departament d\u2019educaci\u00f3 l\u2019alumnat ha desenvolupat una l\u00ednia gr\u00e0fica per als b\u00e0ners de preinscripci\u00f3 dels estudis postobligatoris.<\/p>\n\n\n\n<figure class=\"wp-block-gallery has-nested-images columns-default is-cropped wp-block-gallery-1 is-layout-flex wp-block-gallery-is-layout-flex\">\n<figure class=\"wp-block-image size-large\"><img fetchpriority=\"high\" decoding=\"async\" width=\"1024\" height=\"724\" data-id=\"7872\" src=\"https:\/\/www.ciclesfp.cat\/wp-content\/uploads\/2024\/02\/ian-01-1024x724.jpg\" alt=\"\" class=\"wp-image-7872\" srcset=\"https:\/\/www.ciclesfp.cat\/wp-content\/uploads\/2024\/02\/ian-01-1024x724.jpg 1024w, https:\/\/www.ciclesfp.cat\/wp-content\/uploads\/2024\/02\/ian-01-300x212.jpg 300w, https:\/\/www.ciclesfp.cat\/wp-content\/uploads\/2024\/02\/ian-01-768x543.jpg 768w, https:\/\/www.ciclesfp.cat\/wp-content\/uploads\/2024\/02\/ian-01-1536x1086.jpg 1536w, https:\/\/www.ciclesfp.cat\/wp-content\/uploads\/2024\/02\/ian-01-2048x1448.jpg 2048w, https:\/\/www.ciclesfp.cat\/wp-content\/uploads\/2024\/02\/ian-01-700x495.jpg 700w\" sizes=\"(max-width: 1024px) 100vw, 1024px\" \/><\/figure>\n\n\n\n<figure class=\"wp-block-image size-large\"><img decoding=\"async\" width=\"1024\" height=\"593\" data-id=\"7876\" src=\"https:\/\/www.ciclesfp.cat\/wp-content\/uploads\/2024\/02\/DEP.-EDUCACIO_GABINET-TECNIC_INSJAUMEMIMO_JUDIT-PORRAS_mockup-1024x593.jpg\" alt=\"\" class=\"wp-image-7876\" srcset=\"https:\/\/www.ciclesfp.cat\/wp-content\/uploads\/2024\/02\/DEP.-EDUCACIO_GABINET-TECNIC_INSJAUMEMIMO_JUDIT-PORRAS_mockup-1024x593.jpg 1024w, https:\/\/www.ciclesfp.cat\/wp-content\/uploads\/2024\/02\/DEP.-EDUCACIO_GABINET-TECNIC_INSJAUMEMIMO_JUDIT-PORRAS_mockup-300x174.jpg 300w, https:\/\/www.ciclesfp.cat\/wp-content\/uploads\/2024\/02\/DEP.-EDUCACIO_GABINET-TECNIC_INSJAUMEMIMO_JUDIT-PORRAS_mockup-768x445.jpg 768w, https:\/\/www.ciclesfp.cat\/wp-content\/uploads\/2024\/02\/DEP.-EDUCACIO_GABINET-TECNIC_INSJAUMEMIMO_JUDIT-PORRAS_mockup-1536x889.jpg 1536w, https:\/\/www.ciclesfp.cat\/wp-content\/uploads\/2024\/02\/DEP.-EDUCACIO_GABINET-TECNIC_INSJAUMEMIMO_JUDIT-PORRAS_mockup-2048x1186.jpg 2048w, https:\/\/www.ciclesfp.cat\/wp-content\/uploads\/2024\/02\/DEP.-EDUCACIO_GABINET-TECNIC_INSJAUMEMIMO_JUDIT-PORRAS_mockup-700x405.jpg 700w\" sizes=\"(max-width: 1024px) 100vw, 1024px\" \/><\/figure>\n\n\n\n<figure class=\"wp-block-image size-large\"><img decoding=\"async\" width=\"1024\" height=\"576\" data-id=\"7878\" src=\"https:\/\/www.ciclesfp.cat\/wp-content\/uploads\/2024\/02\/mockup-mireia-01-1024x576.jpg\" alt=\"\" class=\"wp-image-7878\" srcset=\"https:\/\/www.ciclesfp.cat\/wp-content\/uploads\/2024\/02\/mockup-mireia-01-1024x576.jpg 1024w, https:\/\/www.ciclesfp.cat\/wp-content\/uploads\/2024\/02\/mockup-mireia-01-300x169.jpg 300w, https:\/\/www.ciclesfp.cat\/wp-content\/uploads\/2024\/02\/mockup-mireia-01-768x432.jpg 768w, https:\/\/www.ciclesfp.cat\/wp-content\/uploads\/2024\/02\/mockup-mireia-01-1536x864.jpg 1536w, https:\/\/www.ciclesfp.cat\/wp-content\/uploads\/2024\/02\/mockup-mireia-01-2048x1152.jpg 2048w, https:\/\/www.ciclesfp.cat\/wp-content\/uploads\/2024\/02\/mockup-mireia-01-700x394.jpg 700w, https:\/\/www.ciclesfp.cat\/wp-content\/uploads\/2024\/02\/mockup-mireia-01-539x303.jpg 539w\" sizes=\"(max-width: 1024px) 100vw, 1024px\" \/><\/figure>\n<\/figure>\n\n\n\n<figure class=\"wp-block-image size-large\"><img loading=\"lazy\" decoding=\"async\" width=\"1024\" height=\"724\" src=\"https:\/\/www.ciclesfp.cat\/wp-content\/uploads\/2024\/02\/mock-up-1024x724.jpg\" alt=\"\" class=\"wp-image-7858\" srcset=\"https:\/\/www.ciclesfp.cat\/wp-content\/uploads\/2024\/02\/mock-up-1024x724.jpg 1024w, https:\/\/www.ciclesfp.cat\/wp-content\/uploads\/2024\/02\/mock-up-300x212.jpg 300w, https:\/\/www.ciclesfp.cat\/wp-content\/uploads\/2024\/02\/mock-up-768x543.jpg 768w, https:\/\/www.ciclesfp.cat\/wp-content\/uploads\/2024\/02\/mock-up-1536x1086.jpg 1536w, https:\/\/www.ciclesfp.cat\/wp-content\/uploads\/2024\/02\/mock-up-2048x1448.jpg 2048w, https:\/\/www.ciclesfp.cat\/wp-content\/uploads\/2024\/02\/mock-up-700x495.jpg 700w\" sizes=\"(max-width: 1024px) 100vw, 1024px\" \/><\/figure>\n\n\n\n<figure class=\"wp-block-image size-large\"><img loading=\"lazy\" decoding=\"async\" width=\"1024\" height=\"724\" src=\"https:\/\/www.ciclesfp.cat\/wp-content\/uploads\/2024\/02\/pantalla-01-1024x724.jpg\" alt=\"\" class=\"wp-image-7862\" srcset=\"https:\/\/www.ciclesfp.cat\/wp-content\/uploads\/2024\/02\/pantalla-01-1024x724.jpg 1024w, https:\/\/www.ciclesfp.cat\/wp-content\/uploads\/2024\/02\/pantalla-01-300x212.jpg 300w, https:\/\/www.ciclesfp.cat\/wp-content\/uploads\/2024\/02\/pantalla-01-768x543.jpg 768w, https:\/\/www.ciclesfp.cat\/wp-content\/uploads\/2024\/02\/pantalla-01-1536x1086.jpg 1536w, https:\/\/www.ciclesfp.cat\/wp-content\/uploads\/2024\/02\/pantalla-01-2048x1448.jpg 2048w, https:\/\/www.ciclesfp.cat\/wp-content\/uploads\/2024\/02\/pantalla-01-700x495.jpg 700w\" sizes=\"(max-width: 1024px) 100vw, 1024px\" \/><\/figure>\n\n\n\n<figure class=\"wp-block-image size-large\"><img loading=\"lazy\" decoding=\"async\" width=\"1024\" height=\"683\" src=\"https:\/\/www.ciclesfp.cat\/wp-content\/uploads\/2024\/02\/mockup-generic-2-2-1024x683.jpg\" alt=\"\" class=\"wp-image-7870\" srcset=\"https:\/\/www.ciclesfp.cat\/wp-content\/uploads\/2024\/02\/mockup-generic-2-2-1024x683.jpg 1024w, https:\/\/www.ciclesfp.cat\/wp-content\/uploads\/2024\/02\/mockup-generic-2-2-300x200.jpg 300w, https:\/\/www.ciclesfp.cat\/wp-content\/uploads\/2024\/02\/mockup-generic-2-2-768x512.jpg 768w, https:\/\/www.ciclesfp.cat\/wp-content\/uploads\/2024\/02\/mockup-generic-2-2-1536x1024.jpg 1536w, https:\/\/www.ciclesfp.cat\/wp-content\/uploads\/2024\/02\/mockup-generic-2-2-2048x1365.jpg 2048w, https:\/\/www.ciclesfp.cat\/wp-content\/uploads\/2024\/02\/mockup-generic-2-2-700x467.jpg 700w\" sizes=\"(max-width: 1024px) 100vw, 1024px\" \/><\/figure>\n","protected":false},"excerpt":{"rendered":"<p>Projecte de Gr\u00e0fica Publicit\u00e0ria per al Programa d\u2019Innovaci\u00f3 TALENT CREATIU I EMPRESA, del Departament d\u2019Educaci\u00f3. Estem encantats de compartir amb vosaltres el fruit del treball del primer quadrimestre dels estudiants de 2n de gr\u00e0fica publicit\u00e0ria. En col\u00b7laboraci\u00f3 amb la Generalitat, concretament amb el departament d\u2019educaci\u00f3 l\u2019alumnat ha desenvolupat una l\u00ednia gr\u00e0fica per als b\u00e0ners de preinscripci\u00f3 dels estudis postobligatoris.<\/p>\n","protected":false},"author":1,"featured_media":7856,"comment_status":"closed","ping_status":"closed","sticky":false,"template":"","format":"standard","meta":{"footnotes":""},"categories":[9],"tags":[],"class_list":["post-7855","post","type-post","status-publish","format-standard","has-post-thumbnail","hentry","category-cfgs"],"yoast_head":"<!-- This site is optimized with the Yoast SEO plugin v27.5 - https:\/\/yoast.com\/product\/yoast-seo-wordpress\/ -->\n<title>Projecte gr\u00e0fica publicit\u00e0ria departament d\u2019educaci\u00f3 - Institut Jaume Mim\u00f3 FP<\/title>\n<meta name=\"robots\" content=\"index, follow, max-snippet:-1, max-image-preview:large, max-video-preview:-1\" \/>\n<link rel=\"canonical\" href=\"https:\/\/www.ciclesfp.cat\/ca\/2024\/02\/16\/projecte-grafica-publicitaria-departament-deducacio\/\" \/>\n<meta property=\"og:locale\" content=\"ca_ES\" \/>\n<meta property=\"og:type\" content=\"article\" \/>\n<meta property=\"og:title\" content=\"Projecte gr\u00e0fica publicit\u00e0ria departament d\u2019educaci\u00f3 - Institut Jaume Mim\u00f3 FP\" \/>\n<meta property=\"og:description\" content=\"Projecte de Gr\u00e0fica Publicit\u00e0ria per al Programa d\u2019Innovaci\u00f3 TALENT CREATIU I EMPRESA, del Departament d\u2019Educaci\u00f3. Estem encantats de compartir amb vosaltres el fruit del treball del primer quadrimestre dels estudiants de 2n de gr\u00e0fica publicit\u00e0ria. En col\u00b7laboraci\u00f3 amb la Generalitat, concretament amb el departament d\u2019educaci\u00f3 l\u2019alumnat ha desenvolupat una l\u00ednia gr\u00e0fica per als b\u00e0ners de preinscripci\u00f3 dels estudis postobligatoris.\" \/>\n<meta property=\"og:url\" content=\"https:\/\/www.ciclesfp.cat\/ca\/2024\/02\/16\/projecte-grafica-publicitaria-departament-deducacio\/\" \/>\n<meta property=\"og:site_name\" content=\"Institut Jaume Mim\u00f3 FP\" \/>\n<meta property=\"article:published_time\" content=\"2024-02-16T12:49:19+00:00\" \/>\n<meta property=\"article:modified_time\" content=\"2024-02-16T12:49:21+00:00\" \/>\n<meta property=\"og:image\" content=\"https:\/\/www.ciclesfp.cat\/wp-content\/uploads\/2024\/02\/ilustracion-bika-scaled.jpg\" \/>\n\t<meta property=\"og:image:width\" content=\"2560\" \/>\n\t<meta property=\"og:image:height\" content=\"1810\" \/>\n\t<meta property=\"og:image:type\" content=\"image\/jpeg\" \/>\n<meta name=\"author\" content=\"insjaumemimo\" \/>\n<meta name=\"twitter:card\" content=\"summary_large_image\" \/>\n<meta name=\"twitter:creator\" content=\"@insjaumemimo\" \/>\n<meta name=\"twitter:site\" content=\"@insjaumemimo\" \/>\n<meta name=\"twitter:label1\" content=\"Escrit per\" \/>\n\t<meta name=\"twitter:data1\" content=\"insjaumemimo\" \/>\n\t<meta name=\"twitter:label2\" content=\"Temps estimat de lectura\" \/>\n\t<meta name=\"twitter:data2\" content=\"2 minuts\" \/>\n<script type=\"application\/ld+json\" class=\"yoast-schema-graph\">{\"@context\":\"https:\\\/\\\/schema.org\",\"@graph\":[{\"@type\":\"Article\",\"@id\":\"https:\\\/\\\/www.ciclesfp.cat\\\/ca\\\/2024\\\/02\\\/16\\\/projecte-grafica-publicitaria-departament-deducacio\\\/#article\",\"isPartOf\":{\"@id\":\"https:\\\/\\\/www.ciclesfp.cat\\\/ca\\\/2024\\\/02\\\/16\\\/projecte-grafica-publicitaria-departament-deducacio\\\/\"},\"author\":{\"name\":\"insjaumemimo\",\"@id\":\"https:\\\/\\\/www.ciclesfp.cat\\\/ca\\\/#\\\/schema\\\/person\\\/038def007bc8dd159b347c0d9c63c056\"},\"headline\":\"Projecte gr\u00e0fica publicit\u00e0ria departament d\u2019educaci\u00f3\",\"datePublished\":\"2024-02-16T12:49:19+00:00\",\"dateModified\":\"2024-02-16T12:49:21+00:00\",\"mainEntityOfPage\":{\"@id\":\"https:\\\/\\\/www.ciclesfp.cat\\\/ca\\\/2024\\\/02\\\/16\\\/projecte-grafica-publicitaria-departament-deducacio\\\/\"},\"wordCount\":79,\"publisher\":{\"@id\":\"https:\\\/\\\/www.ciclesfp.cat\\\/ca\\\/#organization\"},\"image\":{\"@id\":\"https:\\\/\\\/www.ciclesfp.cat\\\/ca\\\/2024\\\/02\\\/16\\\/projecte-grafica-publicitaria-departament-deducacio\\\/#primaryimage\"},\"thumbnailUrl\":\"https:\\\/\\\/www.ciclesfp.cat\\\/wp-content\\\/uploads\\\/2024\\\/02\\\/ilustracion-bika-scaled.jpg\",\"articleSection\":[\"CFGS\"],\"inLanguage\":\"ca\"},{\"@type\":\"WebPage\",\"@id\":\"https:\\\/\\\/www.ciclesfp.cat\\\/ca\\\/2024\\\/02\\\/16\\\/projecte-grafica-publicitaria-departament-deducacio\\\/\",\"url\":\"https:\\\/\\\/www.ciclesfp.cat\\\/ca\\\/2024\\\/02\\\/16\\\/projecte-grafica-publicitaria-departament-deducacio\\\/\",\"name\":\"Projecte gr\u00e0fica publicit\u00e0ria departament d\u2019educaci\u00f3 - Institut Jaume Mim\u00f3 FP\",\"isPartOf\":{\"@id\":\"https:\\\/\\\/www.ciclesfp.cat\\\/ca\\\/#website\"},\"primaryImageOfPage\":{\"@id\":\"https:\\\/\\\/www.ciclesfp.cat\\\/ca\\\/2024\\\/02\\\/16\\\/projecte-grafica-publicitaria-departament-deducacio\\\/#primaryimage\"},\"image\":{\"@id\":\"https:\\\/\\\/www.ciclesfp.cat\\\/ca\\\/2024\\\/02\\\/16\\\/projecte-grafica-publicitaria-departament-deducacio\\\/#primaryimage\"},\"thumbnailUrl\":\"https:\\\/\\\/www.ciclesfp.cat\\\/wp-content\\\/uploads\\\/2024\\\/02\\\/ilustracion-bika-scaled.jpg\",\"datePublished\":\"2024-02-16T12:49:19+00:00\",\"dateModified\":\"2024-02-16T12:49:21+00:00\",\"breadcrumb\":{\"@id\":\"https:\\\/\\\/www.ciclesfp.cat\\\/ca\\\/2024\\\/02\\\/16\\\/projecte-grafica-publicitaria-departament-deducacio\\\/#breadcrumb\"},\"inLanguage\":\"ca\",\"potentialAction\":[{\"@type\":\"ReadAction\",\"target\":[\"https:\\\/\\\/www.ciclesfp.cat\\\/ca\\\/2024\\\/02\\\/16\\\/projecte-grafica-publicitaria-departament-deducacio\\\/\"]}]},{\"@type\":\"ImageObject\",\"inLanguage\":\"ca\",\"@id\":\"https:\\\/\\\/www.ciclesfp.cat\\\/ca\\\/2024\\\/02\\\/16\\\/projecte-grafica-publicitaria-departament-deducacio\\\/#primaryimage\",\"url\":\"https:\\\/\\\/www.ciclesfp.cat\\\/wp-content\\\/uploads\\\/2024\\\/02\\\/ilustracion-bika-scaled.jpg\",\"contentUrl\":\"https:\\\/\\\/www.ciclesfp.cat\\\/wp-content\\\/uploads\\\/2024\\\/02\\\/ilustracion-bika-scaled.jpg\",\"width\":2560,\"height\":1810},{\"@type\":\"BreadcrumbList\",\"@id\":\"https:\\\/\\\/www.ciclesfp.cat\\\/ca\\\/2024\\\/02\\\/16\\\/projecte-grafica-publicitaria-departament-deducacio\\\/#breadcrumb\",\"itemListElement\":[{\"@type\":\"ListItem\",\"position\":1,\"name\":\"Inici\",\"item\":\"https:\\\/\\\/www.ciclesfp.cat\\\/ca\\\/\"},{\"@type\":\"ListItem\",\"position\":2,\"name\":\"Projecte gr\u00e0fica publicit\u00e0ria departament d\u2019educaci\u00f3\"}]},{\"@type\":\"WebSite\",\"@id\":\"https:\\\/\\\/www.ciclesfp.cat\\\/ca\\\/#website\",\"url\":\"https:\\\/\\\/www.ciclesfp.cat\\\/ca\\\/\",\"name\":\"Institut Jaume Mim\u00f3 FP\",\"description\":\"Pensa. Actua. Transforma.\",\"publisher\":{\"@id\":\"https:\\\/\\\/www.ciclesfp.cat\\\/ca\\\/#organization\"},\"potentialAction\":[{\"@type\":\"SearchAction\",\"target\":{\"@type\":\"EntryPoint\",\"urlTemplate\":\"https:\\\/\\\/www.ciclesfp.cat\\\/ca\\\/?s={search_term_string}\"},\"query-input\":{\"@type\":\"PropertyValueSpecification\",\"valueRequired\":true,\"valueName\":\"search_term_string\"}}],\"inLanguage\":\"ca\"},{\"@type\":\"Organization\",\"@id\":\"https:\\\/\\\/www.ciclesfp.cat\\\/ca\\\/#organization\",\"name\":\"INS Jaume Mim\u00f3\",\"url\":\"https:\\\/\\\/www.ciclesfp.cat\\\/ca\\\/\",\"logo\":{\"@type\":\"ImageObject\",\"inLanguage\":\"ca\",\"@id\":\"https:\\\/\\\/www.ciclesfp.cat\\\/ca\\\/#\\\/schema\\\/logo\\\/image\\\/\",\"url\":\"https:\\\/\\\/www.ciclesfp.cat\\\/wp-content\\\/uploads\\\/2019\\\/12\\\/logotip_del_centre-623x1024.png\",\"contentUrl\":\"https:\\\/\\\/www.ciclesfp.cat\\\/wp-content\\\/uploads\\\/2019\\\/12\\\/logotip_del_centre-623x1024.png\",\"width\":623,\"height\":1024,\"caption\":\"INS Jaume Mim\u00f3\"},\"image\":{\"@id\":\"https:\\\/\\\/www.ciclesfp.cat\\\/ca\\\/#\\\/schema\\\/logo\\\/image\\\/\"},\"sameAs\":[\"https:\\\/\\\/x.com\\\/insjaumemimo\",\"https:\\\/\\\/www.instagram.com\\\/insjaumemimo\\\/\",\"https:\\\/\\\/www.youtube.com\\\/channel\\\/UCOAhr11cd5pTqhuKCUnPrCQ\\\/feed?view_as=public\"]},{\"@type\":\"Person\",\"@id\":\"https:\\\/\\\/www.ciclesfp.cat\\\/ca\\\/#\\\/schema\\\/person\\\/038def007bc8dd159b347c0d9c63c056\",\"name\":\"insjaumemimo\",\"image\":{\"@type\":\"ImageObject\",\"inLanguage\":\"ca\",\"@id\":\"https:\\\/\\\/secure.gravatar.com\\\/avatar\\\/ee376169c99a1bcc7c076b3174ac89870a1374fc1f94350cf8c8d204ed606ad0?s=96&d=mm&r=g\",\"url\":\"https:\\\/\\\/secure.gravatar.com\\\/avatar\\\/ee376169c99a1bcc7c076b3174ac89870a1374fc1f94350cf8c8d204ed606ad0?s=96&d=mm&r=g\",\"contentUrl\":\"https:\\\/\\\/secure.gravatar.com\\\/avatar\\\/ee376169c99a1bcc7c076b3174ac89870a1374fc1f94350cf8c8d204ed606ad0?s=96&d=mm&r=g\",\"caption\":\"insjaumemimo\"},\"url\":\"https:\\\/\\\/www.ciclesfp.cat\\\/ca\\\/author\\\/insjaumemimo\\\/\"}]}<\/script>\n<!-- \/ Yoast SEO plugin. -->","yoast_head_json":{"title":"Projecte gr\u00e0fica publicit\u00e0ria departament d\u2019educaci\u00f3 - Institut Jaume Mim\u00f3 FP","robots":{"index":"index","follow":"follow","max-snippet":"max-snippet:-1","max-image-preview":"max-image-preview:large","max-video-preview":"max-video-preview:-1"},"canonical":"https:\/\/www.ciclesfp.cat\/ca\/2024\/02\/16\/projecte-grafica-publicitaria-departament-deducacio\/","og_locale":"ca_ES","og_type":"article","og_title":"Projecte gr\u00e0fica publicit\u00e0ria departament d\u2019educaci\u00f3 - Institut Jaume Mim\u00f3 FP","og_description":"Projecte de Gr\u00e0fica Publicit\u00e0ria per al Programa d\u2019Innovaci\u00f3 TALENT CREATIU I EMPRESA, del Departament d\u2019Educaci\u00f3. Estem encantats de compartir amb vosaltres el fruit del treball del primer quadrimestre dels estudiants de 2n de gr\u00e0fica publicit\u00e0ria. En col\u00b7laboraci\u00f3 amb la Generalitat, concretament amb el departament d\u2019educaci\u00f3 l\u2019alumnat ha desenvolupat una l\u00ednia gr\u00e0fica per als b\u00e0ners de preinscripci\u00f3 dels estudis postobligatoris.","og_url":"https:\/\/www.ciclesfp.cat\/ca\/2024\/02\/16\/projecte-grafica-publicitaria-departament-deducacio\/","og_site_name":"Institut Jaume Mim\u00f3 FP","article_published_time":"2024-02-16T12:49:19+00:00","article_modified_time":"2024-02-16T12:49:21+00:00","og_image":[{"width":2560,"height":1810,"url":"https:\/\/www.ciclesfp.cat\/wp-content\/uploads\/2024\/02\/ilustracion-bika-scaled.jpg","type":"image\/jpeg"}],"author":"insjaumemimo","twitter_card":"summary_large_image","twitter_creator":"@insjaumemimo","twitter_site":"@insjaumemimo","twitter_misc":{"Escrit per":"insjaumemimo","Temps estimat de lectura":"2 minuts"},"schema":{"@context":"https:\/\/schema.org","@graph":[{"@type":"Article","@id":"https:\/\/www.ciclesfp.cat\/ca\/2024\/02\/16\/projecte-grafica-publicitaria-departament-deducacio\/#article","isPartOf":{"@id":"https:\/\/www.ciclesfp.cat\/ca\/2024\/02\/16\/projecte-grafica-publicitaria-departament-deducacio\/"},"author":{"name":"insjaumemimo","@id":"https:\/\/www.ciclesfp.cat\/ca\/#\/schema\/person\/038def007bc8dd159b347c0d9c63c056"},"headline":"Projecte gr\u00e0fica publicit\u00e0ria departament d\u2019educaci\u00f3","datePublished":"2024-02-16T12:49:19+00:00","dateModified":"2024-02-16T12:49:21+00:00","mainEntityOfPage":{"@id":"https:\/\/www.ciclesfp.cat\/ca\/2024\/02\/16\/projecte-grafica-publicitaria-departament-deducacio\/"},"wordCount":79,"publisher":{"@id":"https:\/\/www.ciclesfp.cat\/ca\/#organization"},"image":{"@id":"https:\/\/www.ciclesfp.cat\/ca\/2024\/02\/16\/projecte-grafica-publicitaria-departament-deducacio\/#primaryimage"},"thumbnailUrl":"https:\/\/www.ciclesfp.cat\/wp-content\/uploads\/2024\/02\/ilustracion-bika-scaled.jpg","articleSection":["CFGS"],"inLanguage":"ca"},{"@type":"WebPage","@id":"https:\/\/www.ciclesfp.cat\/ca\/2024\/02\/16\/projecte-grafica-publicitaria-departament-deducacio\/","url":"https:\/\/www.ciclesfp.cat\/ca\/2024\/02\/16\/projecte-grafica-publicitaria-departament-deducacio\/","name":"Projecte gr\u00e0fica publicit\u00e0ria departament d\u2019educaci\u00f3 - Institut Jaume Mim\u00f3 FP","isPartOf":{"@id":"https:\/\/www.ciclesfp.cat\/ca\/#website"},"primaryImageOfPage":{"@id":"https:\/\/www.ciclesfp.cat\/ca\/2024\/02\/16\/projecte-grafica-publicitaria-departament-deducacio\/#primaryimage"},"image":{"@id":"https:\/\/www.ciclesfp.cat\/ca\/2024\/02\/16\/projecte-grafica-publicitaria-departament-deducacio\/#primaryimage"},"thumbnailUrl":"https:\/\/www.ciclesfp.cat\/wp-content\/uploads\/2024\/02\/ilustracion-bika-scaled.jpg","datePublished":"2024-02-16T12:49:19+00:00","dateModified":"2024-02-16T12:49:21+00:00","breadcrumb":{"@id":"https:\/\/www.ciclesfp.cat\/ca\/2024\/02\/16\/projecte-grafica-publicitaria-departament-deducacio\/#breadcrumb"},"inLanguage":"ca","potentialAction":[{"@type":"ReadAction","target":["https:\/\/www.ciclesfp.cat\/ca\/2024\/02\/16\/projecte-grafica-publicitaria-departament-deducacio\/"]}]},{"@type":"ImageObject","inLanguage":"ca","@id":"https:\/\/www.ciclesfp.cat\/ca\/2024\/02\/16\/projecte-grafica-publicitaria-departament-deducacio\/#primaryimage","url":"https:\/\/www.ciclesfp.cat\/wp-content\/uploads\/2024\/02\/ilustracion-bika-scaled.jpg","contentUrl":"https:\/\/www.ciclesfp.cat\/wp-content\/uploads\/2024\/02\/ilustracion-bika-scaled.jpg","width":2560,"height":1810},{"@type":"BreadcrumbList","@id":"https:\/\/www.ciclesfp.cat\/ca\/2024\/02\/16\/projecte-grafica-publicitaria-departament-deducacio\/#breadcrumb","itemListElement":[{"@type":"ListItem","position":1,"name":"Inici","item":"https:\/\/www.ciclesfp.cat\/ca\/"},{"@type":"ListItem","position":2,"name":"Projecte gr\u00e0fica publicit\u00e0ria departament d\u2019educaci\u00f3"}]},{"@type":"WebSite","@id":"https:\/\/www.ciclesfp.cat\/ca\/#website","url":"https:\/\/www.ciclesfp.cat\/ca\/","name":"Institut Jaume Mim\u00f3 FP","description":"Pensa. Actua. Transforma.","publisher":{"@id":"https:\/\/www.ciclesfp.cat\/ca\/#organization"},"potentialAction":[{"@type":"SearchAction","target":{"@type":"EntryPoint","urlTemplate":"https:\/\/www.ciclesfp.cat\/ca\/?s={search_term_string}"},"query-input":{"@type":"PropertyValueSpecification","valueRequired":true,"valueName":"search_term_string"}}],"inLanguage":"ca"},{"@type":"Organization","@id":"https:\/\/www.ciclesfp.cat\/ca\/#organization","name":"INS Jaume Mim\u00f3","url":"https:\/\/www.ciclesfp.cat\/ca\/","logo":{"@type":"ImageObject","inLanguage":"ca","@id":"https:\/\/www.ciclesfp.cat\/ca\/#\/schema\/logo\/image\/","url":"https:\/\/www.ciclesfp.cat\/wp-content\/uploads\/2019\/12\/logotip_del_centre-623x1024.png","contentUrl":"https:\/\/www.ciclesfp.cat\/wp-content\/uploads\/2019\/12\/logotip_del_centre-623x1024.png","width":623,"height":1024,"caption":"INS Jaume Mim\u00f3"},"image":{"@id":"https:\/\/www.ciclesfp.cat\/ca\/#\/schema\/logo\/image\/"},"sameAs":["https:\/\/x.com\/insjaumemimo","https:\/\/www.instagram.com\/insjaumemimo\/","https:\/\/www.youtube.com\/channel\/UCOAhr11cd5pTqhuKCUnPrCQ\/feed?view_as=public"]},{"@type":"Person","@id":"https:\/\/www.ciclesfp.cat\/ca\/#\/schema\/person\/038def007bc8dd159b347c0d9c63c056","name":"insjaumemimo","image":{"@type":"ImageObject","inLanguage":"ca","@id":"https:\/\/secure.gravatar.com\/avatar\/ee376169c99a1bcc7c076b3174ac89870a1374fc1f94350cf8c8d204ed606ad0?s=96&d=mm&r=g","url":"https:\/\/secure.gravatar.com\/avatar\/ee376169c99a1bcc7c076b3174ac89870a1374fc1f94350cf8c8d204ed606ad0?s=96&d=mm&r=g","contentUrl":"https:\/\/secure.gravatar.com\/avatar\/ee376169c99a1bcc7c076b3174ac89870a1374fc1f94350cf8c8d204ed606ad0?s=96&d=mm&r=g","caption":"insjaumemimo"},"url":"https:\/\/www.ciclesfp.cat\/ca\/author\/insjaumemimo\/"}]}},"_links":{"self":[{"href":"https:\/\/www.ciclesfp.cat\/ca\/wp-json\/wp\/v2\/posts\/7855","targetHints":{"allow":["GET"]}}],"collection":[{"href":"https:\/\/www.ciclesfp.cat\/ca\/wp-json\/wp\/v2\/posts"}],"about":[{"href":"https:\/\/www.ciclesfp.cat\/ca\/wp-json\/wp\/v2\/types\/post"}],"author":[{"embeddable":true,"href":"https:\/\/www.ciclesfp.cat\/ca\/wp-json\/wp\/v2\/users\/1"}],"replies":[{"embeddable":true,"href":"https:\/\/www.ciclesfp.cat\/ca\/wp-json\/wp\/v2\/comments?post=7855"}],"version-history":[{"count":1,"href":"https:\/\/www.ciclesfp.cat\/ca\/wp-json\/wp\/v2\/posts\/7855\/revisions"}],"predecessor-version":[{"id":7880,"href":"https:\/\/www.ciclesfp.cat\/ca\/wp-json\/wp\/v2\/posts\/7855\/revisions\/7880"}],"wp:featuredmedia":[{"embeddable":true,"href":"https:\/\/www.ciclesfp.cat\/ca\/wp-json\/wp\/v2\/media\/7856"}],"wp:attachment":[{"href":"https:\/\/www.ciclesfp.cat\/ca\/wp-json\/wp\/v2\/media?parent=7855"}],"wp:term":[{"taxonomy":"category","embeddable":true,"href":"https:\/\/www.ciclesfp.cat\/ca\/wp-json\/wp\/v2\/categories?post=7855"},{"taxonomy":"post_tag","embeddable":true,"href":"https:\/\/www.ciclesfp.cat\/ca\/wp-json\/wp\/v2\/tags?post=7855"}],"curies":[{"name":"wp","href":"https:\/\/api.w.org\/{rel}","templated":true}]}}